{"id":858,"date":"2024-11-13T16:20:18","date_gmt":"2024-11-13T13:20:18","guid":{"rendered":"https:\/\/llscenter.com\/?p=858"},"modified":"2024-10-10T16:28:20","modified_gmt":"2024-10-10T13:28:20","slug":"does-height-increase-after-age-18-until-what-age-does-height-grow","status":"publish","type":"post","link":"https:\/\/llscenter.com\/tr\/boy-18-yasindan-sonra-uzar-mi-hangi-yas-boy-uzar\/","title":{"rendered":"Boy 18 Ya\u015f\u0131ndan Sonra Uzar m\u0131? \u2013 Boy Ka\u00e7 Ya\u015f\u0131na Kadar Uzar?"},"content":{"rendered":"<div data-elementor-type=\"wp-post\" data-elementor-id=\"858\" class=\"elementor elementor-858\" data-elementor-post-type=\"post\">\n\t\t\t\t<div class=\"elementor-element elementor-element-680e118 e-flex e-con-boxed e-con e-parent\" data-id=\"680e118\" data-element_type=\"container\" data-settings=\"{&quot;background_background&quot;:&quot;classic&quot;}\">\n\t\t\t\t\t<div class=\"e-con-inner\">\n\t\t<div class=\"elementor-element elementor-element-90c2d7e e-con-full e-flex e-con e-child\" data-id=\"90c2d7e\" data-element_type=\"container\">\n\t\t\t\t<div class=\"elementor-element elementor-element-a7209eb elementor-widget elementor-widget-heading\" data-id=\"a7209eb\" data-element_type=\"widget\" data-widget_type=\"heading.default\">\n\t\t\t\t<div class=\"elementor-widget-container\">\n\t\t\t<h1 class=\"elementor-heading-title elementor-size-default\">Boy 18 Ya\u015f\u0131ndan Sonra Uzar m\u0131? - Boy Ka\u00e7 Ya\u015f\u0131na Kadar Uzar?<\/h1>\t\t<\/div>\n\t\t\t\t<\/div>\n\t\t\t\t<div class=\"elementor-element elementor-element-f679bd8 elementor-align-center elementor-widget elementor-widget-breadcrumbs\" data-id=\"f679bd8\" data-element_type=\"widget\" data-widget_type=\"breadcrumbs.default\">\n\t\t\t\t<div class=\"elementor-widget-container\">\n\t\t\t<p id=\"breadcrumbs\"><span><span><a href=\"https:\/\/llscenter.com\/tr\/\">Anasayfa<\/a><\/span><\/span><\/p>\t\t<\/div>\n\t\t\t\t<\/div>\n\t\t\t\t<\/div>\n\t\t\t\t\t<\/div>\n\t\t\t\t<\/div>\n\t\t<div class=\"elementor-element elementor-element-6074ec8 e-flex e-con-boxed e-con e-parent\" data-id=\"6074ec8\" data-element_type=\"container\">\n\t\t\t\t\t<div class=\"e-con-inner\">\n\t\t<div class=\"elementor-element elementor-element-8b99d60 e-con-full e-flex e-con e-child\" data-id=\"8b99d60\" data-element_type=\"container\">\n\t\t<div class=\"elementor-element elementor-element-9e6a410 e-con-full e-flex e-con e-child\" data-id=\"9e6a410\" data-element_type=\"container\">\n\t\t\t\t<div class=\"elementor-element elementor-element-9f82247 elementor-widget elementor-widget-image\" data-id=\"9f82247\" data-element_type=\"widget\" data-widget_type=\"image.default\">\n\t\t\t\t<div class=\"elementor-widget-container\">\n\t\t\t\t\t\t\t\t\t\t\t\t\t<img fetchpriority=\"high\" decoding=\"async\" width=\"1000\" height=\"500\" src=\"https:\/\/llscenter.com\/wp-content\/uploads\/2024\/10\/does-height-increase-after-age-18until-what-age-does-height-grow-00.jpg\" class=\"attachment-1536x1536 size-1536x1536 wp-image-860\" alt=\"\" srcset=\"https:\/\/llscenter.com\/wp-content\/uploads\/2024\/10\/does-height-increase-after-age-18until-what-age-does-height-grow-00.jpg 1000w, https:\/\/llscenter.com\/wp-content\/uploads\/2024\/10\/does-height-increase-after-age-18until-what-age-does-height-grow-00-300x150.jpg 300w, https:\/\/llscenter.com\/wp-content\/uploads\/2024\/10\/does-height-increase-after-age-18until-what-age-does-height-grow-00-768x384.jpg 768w, https:\/\/llscenter.com\/wp-content\/uploads\/2024\/10\/does-height-increase-after-age-18until-what-age-does-height-grow-00-18x9.jpg 18w\" sizes=\"(max-width: 1000px) 100vw, 1000px\" \/>\t\t\t\t\t\t\t\t\t\t\t\t\t<\/div>\n\t\t\t\t<\/div>\n\t\t\t\t<div class=\"elementor-element elementor-element-ee5984e elementor-toc--minimized-on-tablet elementor-widget elementor-widget-table-of-contents\" data-id=\"ee5984e\" data-element_type=\"widget\" data-settings=\"{&quot;headings_by_tags&quot;:[&quot;h1&quot;,&quot;h2&quot;,&quot;h3&quot;,&quot;h4&quot;,&quot;h5&quot;,&quot;h6&quot;],&quot;exclude_headings_by_selector&quot;:[],&quot;marker_view&quot;:&quot;numbers&quot;,&quot;minimize_box&quot;:&quot;yes&quot;,&quot;minimized_on&quot;:&quot;tablet&quot;,&quot;hierarchical_view&quot;:&quot;yes&quot;,&quot;min_height&quot;:{&quot;unit&quot;:&quot;px&quot;,&quot;size&quot;:&quot;&quot;,&quot;sizes&quot;:[]},&quot;min_height_tablet&quot;:{&quot;unit&quot;:&quot;px&quot;,&quot;size&quot;:&quot;&quot;,&quot;sizes&quot;:[]},&quot;min_height_mobile&quot;:{&quot;unit&quot;:&quot;px&quot;,&quot;size&quot;:&quot;&quot;,&quot;sizes&quot;:[]}}\" data-widget_type=\"table-of-contents.default\">\n\t\t\t\t<div class=\"elementor-widget-container\">\n\t\t\t\t\t<div class=\"elementor-toc__header\">\n\t\t\t<h4 class=\"elementor-toc__header-title\">\n\t\t\t\t\u0130\u00e7indekiler\t\t\t<\/h4>\n\t\t\t\t\t\t\t<div class=\"elementor-toc__toggle-button elementor-toc__toggle-button--expand\" role=\"button\" tabindex=\"0\" aria-controls=\"elementor-toc__ee5984e\" aria-expanded=\"true\" aria-label=\"Open table of contents\"><svg aria-hidden=\"true\" class=\"e-font-icon-svg e-fas-chevron-down\" viewbox=\"0 0 448 512\" xmlns=\"http:\/\/www.w3.org\/2000\/svg\"><path d=\"M207.029 381.476L12.686 187.132c-9.373-9.373-9.373-24.569 0-33.941l22.667-22.667c9.357-9.357 24.522-9.375 33.901-.04L224 284.505l154.745-154.021c9.379-9.335 24.544-9.317 33.901.04l22.667 22.667c9.373 9.373 9.373 24.569 0 33.941L240.971 381.476c-9.373 9.372-24.569 9.372-33.942 0z\"><\/path><\/svg><\/div>\n\t\t\t\t<div class=\"elementor-toc__toggle-button elementor-toc__toggle-button--collapse\" role=\"button\" tabindex=\"0\" aria-controls=\"elementor-toc__ee5984e\" aria-expanded=\"true\" aria-label=\"Close table of contents\"><svg aria-hidden=\"true\" class=\"e-font-icon-svg e-fas-chevron-up\" viewbox=\"0 0 448 512\" xmlns=\"http:\/\/www.w3.org\/2000\/svg\"><path d=\"M240.971 130.524l194.343 194.343c9.373 9.373 9.373 24.569 0 33.941l-22.667 22.667c-9.357 9.357-24.522 9.375-33.901.04L224 227.495 69.255 381.516c-9.379 9.335-24.544 9.317-33.901-.04l-22.667-22.667c-9.373-9.373-9.373-24.569 0-33.941L207.03 130.525c9.372-9.373 24.568-9.373 33.941-.001z\"><\/path><\/svg><\/div>\n\t\t\t\t\t<\/div>\n\t\t<div id=\"elementor-toc__ee5984e\" class=\"elementor-toc__body\">\n\t\t\t<div class=\"elementor-toc__spinner-container\">\n\t\t\t\t<svg class=\"elementor-toc__spinner eicon-animation-spin e-font-icon-svg e-eicon-loading\" aria-hidden=\"true\" viewbox=\"0 0 1000 1000\" xmlns=\"http:\/\/www.w3.org\/2000\/svg\"><path d=\"M500 975V858C696 858 858 696 858 500S696 142 500 142 142 304 142 500H25C25 237 238 25 500 25S975 237 975 500 763 975 500 975Z\"><\/path><\/svg>\t\t\t<\/div>\n\t\t<\/div>\n\t\t\t\t<\/div>\n\t\t\t\t<\/div>\n\t\t\t\t<div class=\"elementor-element elementor-element-571286d elementor-widget elementor-widget-text-editor\" data-id=\"571286d\" data-element_type=\"widget\" data-widget_type=\"text-editor.default\">\n\t\t\t\t<div class=\"elementor-widget-container\">\n\t\t\t\t\t\t\t<p>\u0130nsan boyu, \u00e7ok say\u0131da fizyolojik, genetik ve \u00e7evresel fakt\u00f6r taraf\u0131ndan d\u00fczenlenen karma\u015f\u0131k bir \u00f6zelli\u011fi temsil eder. Ancak, ergenlik sonras\u0131 geli\u015fim s\u00fcreciyle ilgili ara\u015ft\u0131rmalar \u015fa\u015f\u0131rt\u0131c\u0131 derecede azd\u0131r. <strong>18 ya\u015f\u0131ndan sonra boy uzamas\u0131<\/strong>, yetersiz yeti\u015fkin boyunun sa\u011fl\u0131k ve ekonomik sonu\u00e7lar\u0131 daha da netle\u015firken. Bu makale, artan boy uzunlu\u011funun mekanizmalar\u0131n\u0131, potansiyel tedavilerini ve sa\u011fl\u0131k sonu\u00e7lar\u0131n\u0131 daha iyi anlamak i\u00e7in b\u00fct\u00fcnle\u015fik bir \u00e7er\u00e7eve sunmaktad\u0131r. <strong>yeti\u015fkinlikte boy uzamas\u0131<\/strong>Eri\u015filen yeti\u015fkin boyu, \u00e7ok say\u0131da genetik ve \u00e7evresel fakt\u00f6r aras\u0131ndaki karma\u015f\u0131k etkile\u015fimlerin sonucu olan klasik bir nicel genetik \u00f6zelliktir. <strong>boy uzamas\u0131n\u0131 etkileyen fakt\u00f6rler<\/strong> geli\u015fim s\u0131ras\u0131nda. \u00d6nceki \u00e7al\u0131\u015fmalar, insanlar\u0131n ge\u00e7 ergenlik d\u00f6neminde, \u00f6ncelikle hormonlar ve iskelet olgunla\u015fmas\u0131 taraf\u0131ndan etkilenen, boylar\u0131n\u0131 art\u0131rabildikleri say\u0131s\u0131z mekanizmay\u0131 ayd\u0131nlatm\u0131\u015ft\u0131r. Yine de genel somatik ve apendik\u00fcler oranlar 20&#039;li ya\u015flar\u0131n ortalar\u0131na ve sonlar\u0131na kadar de\u011fi\u015fmeye devam etmektedir. Bu a\u00e7\u0131k\u00e7a belgelenmi\u015f b\u00fcy\u00fcme fenomenlerine ra\u011fmen, ergenlik ve erken yeti\u015fkinlik d\u00f6neminin \u00f6tesinde 18 ya\u015f\u0131ndan sonra boy art\u0131\u015f\u0131na ili\u015fkin literat\u00fcr seyrektir ve daha \u00f6nce hi\u00e7bir tek kaynak, fizyolojik s\u00fcre\u00e7lerin kapsaml\u0131 bir mekanik sentezini yapmaya \u00e7al\u0131\u015fmam\u0131\u015ft\u0131r. <strong>boy uzamas\u0131 ya\u015f s\u0131n\u0131r\u0131<\/strong> iskelet olgunla\u015fmas\u0131n\u0131n sonucunun \u00e7ok \u00f6tesinde. Ge\u00e7 orant\u0131s\u0131z b\u00fcy\u00fcmeyi \u00e7evreleyen literat\u00fcr\u00fcn seyrekli\u011fi ve yeti\u015fkin boyunu art\u0131rmak i\u00e7in t\u0131bbi m\u00fcdahalelerde bulunman\u0131n eti\u011fi literat\u00fcrde belirgin bir \u015fekilde eksikti. Bundan \u00f6nce, boy ve orant\u0131s\u0131zl\u0131k etraf\u0131ndaki \u00e7e\u015fitli olgular\u0131n b\u00fcy\u00fck bir sentezi yap\u0131lmaya \u00e7al\u0131\u015f\u0131lmam\u0131\u015ft\u0131. Bu makale, yeti\u015fkin boyunun giderek daha uzun olma olas\u0131l\u0131\u011f\u0131n\u0131n oldu\u011fu k\u00fclt\u00fcrleri ve pop\u00fclasyonlar\u0131, potansiyel tedavileri ve normal aral\u0131\u011f\u0131n \u00f6tesindeki y\u00fckseltilmi\u015f yeti\u015fkin boyunun faydas\u0131n\u0131 daha da art\u0131rmak i\u00e7in geli\u015ftirilmi\u015f b\u00fcy\u00fcme uygulamalar\u0131n\u0131 ve boy hangi ya\u015fa kadar uzar ba\u011flamsal de\u011fi\u015fimlerin sa\u011fl\u0131k sonu\u00e7lar\u0131n\u0131 daha iyi anlamak i\u00e7in iskelet olgunlu\u011funun \u00e7ok \u00f6tesinde etkili olmaya devam eden yerle\u015fik mekanizmalara dayal\u0131 entegre bir \u00e7er\u00e7eve sunmaktad\u0131r.<\/p>\t\t\t\t\t\t<\/div>\n\t\t\t\t<\/div>\n\t\t\t\t<div class=\"elementor-element elementor-element-64f0b45 elementor-widget elementor-widget-heading\" data-id=\"64f0b45\" data-element_type=\"widget\" data-widget_type=\"heading.default\">\n\t\t\t\t<div class=\"elementor-widget-container\">\n\t\t\t<h2 class=\"elementor-heading-title elementor-size-default\">Boy Uzamas\u0131n\u0131n Biyolojik Temeli Nedir?<\/h2>\t\t<\/div>\n\t\t\t\t<\/div>\n\t\t\t\t<div class=\"elementor-element elementor-element-2828120 elementor-widget elementor-widget-text-editor\" data-id=\"2828120\" data-element_type=\"widget\" data-widget_type=\"text-editor.default\">\n\t\t\t\t<div class=\"elementor-widget-container\">\n\t\t\t\t\t\t\t<p>Boy uzamas\u0131, uzun kemiklerin u\u00e7lar\u0131nda bulunan k\u0131k\u0131rdak b\u00f6lgeleri olan b\u00fcy\u00fcme plakalar\u0131 ad\u0131 verilen yap\u0131lar arac\u0131l\u0131\u011f\u0131yla, seks steroid hormonlar\u0131n\u0131n k\u0131k\u0131rdak \u00fczerindeki koruyucu etkilerine ra\u011fmen ger\u00e7ekle\u015fir. Bu plakalar, \u00f6zellikle seks hormonlar\u0131n\u0131n olmad\u0131\u011f\u0131 veya d\u00fc\u015f\u00fck miktarlarda salg\u0131land\u0131\u011f\u0131 \u00e7ocukluk ve ergenlik d\u00f6neminde uzun kemiklere uzunluk sa\u011flamaktan sorumludur. Bir uzama d\u00f6neminden sonra, ergenli\u011fin sonunda meydana gelen bu b\u00fcy\u00fcme plakalar\u0131n\u0131n kapanmas\u0131 nedeniyle boy uzamas\u0131 durur. Bu b\u00fcy\u00fcme plakalar\u0131 \u00f6ng\u00f6r\u00fclebilir bir d\u00fczende kapan\u0131r: \u00f6nce k\u00fc\u00e7\u00fck kemiklerde ve daha sonra b\u00fcy\u00fck kemiklerde. K\u00fc\u00e7\u00fck kemikler aras\u0131nda, ayak parmaklar\u0131 kemikleri ergenlik d\u00f6neminde uzunluk art\u0131\u015f\u0131n\u0131 ilk durduranlard\u0131r, bunu parmaklar ve bilek kemikleri izler. V\u00fccudun uzun kemikleri aras\u0131nda, bacaklar ve kollar, erkeklerde humerusun daha erken kapanmas\u0131yla, yakla\u015f\u0131k ayn\u0131 zamanda uzunluk eklemeyi b\u0131rak\u0131rlar.<\/p><p>Geli\u015fimin t\u00fcm yolu genellikle fet\u00fcs\/embriyodan gen\u00e7 eri\u015fkine kadar alt\u0131 ard\u0131\u015f\u0131k a\u015famadan olu\u015fur. Her a\u015fama, kemik ve ilgili dokular\u0131n geli\u015fiminde a\u015fa\u011f\u0131daki ad\u0131mla karakterize edilir. \u0130lk olarak, k\u0131k\u0131rda\u011f\u0131n b\u00fcy\u00fck k\u0131sm\u0131, bir \u015fekil tutmak i\u00e7in \u00e7ok s\u00fcngerimsi olan zay\u0131f, birincil kemi\u011fe d\u00f6n\u00fc\u015ft\u00fcr\u00fcl\u00fcr. Sonraki \u00fc\u00e7 a\u015famada, bu birincil kemik, geli\u015fen kemi\u011fin hemen d\u0131\u015f\u0131nda bulunan kemik h\u00fccrelerinden salg\u0131lanan ikinci kemik benzeri materyalin eklenmesiyle g\u00fc\u00e7lendirilir. B\u00fcy\u00fcme plakas\u0131 kemi\u011fe uzunluk eklemeyi b\u0131rakt\u0131ktan sonra, kat\u0131 bir kemi\u011fe d\u00f6n\u00fc\u015f\u00fcr. Bu kat\u0131 \u00e7izgi muhtemelen X-\u0131\u015f\u0131n\u0131 ekipman\u0131 kullan\u0131larak g\u00f6r\u00fclebilir, ancak kemiklerin diseksiyonunda \u00e7ok daha kolay g\u00f6r\u00fcl\u00fcr. Kemik uzunlu\u011fu, aile \u00e7al\u0131\u015fmalar\u0131 ve hayvan deneylerinin g\u00f6sterdi\u011fi gibi, genetik olarak belirlenir ve b\u00fcy\u00fcme plakas\u0131na atfedilebilir. Bu temel biyolojik fakt\u00f6rlere ek olarak, epifiz geli\u015fiminin sonu \u015funlardan da etkilenebilir: <strong>boy uzamas\u0131n\u0131 etkileyen fakt\u00f6rler <\/strong>tek ba\u015f\u0131na veya daha s\u0131kl\u0131kla birlikte b\u00fcy\u00fcmenin durmas\u0131na yol a\u00e7ar. Beslenme eksiklikleri, enfeksiyonlar ve baz\u0131 hastal\u0131klar veya genel olarak endokrin hastal\u0131klar\u0131, e\u011fer bunlar gen\u00e7lik ya\u015f\u0131na denk geliyorsa, ancak bazen \u00f6zellikle 10 ila 16 ya\u015flar\u0131 aras\u0131ndaysa, b\u00fcy\u00fcmeyi olumsuz etkileyebilir, iskeletin uzamas\u0131n\u0131 durdurabilir ve epifiz kapanmas\u0131 fenomenini etkili bir \u015fekilde \u00f6nceden tahmin edebilir. Ayr\u0131ca nadir g\u00f6r\u00fclen genetik <strong>boy uzamas\u0131n\u0131 etkileyen fakt\u00f6rler <\/strong>erken iskelet f\u00fczyonundan sorumludur. Azalm\u0131\u015f b\u00fcy\u00fcmenin z\u0131t kutbunda, merkezi erken geli\u015fmi\u015flik durumu vard\u0131r<strong> ergenlikten sonra boy uzamas\u0131<\/strong> K\u0131zlarda, b\u00fcy\u00fcme plaklar\u0131n\u0131n erken kapanmas\u0131n\u0131 belirleyerek ergenlik sonras\u0131 boy uzamas\u0131na erken girilmesine neden olur.<\/p>\t\t\t\t\t\t<\/div>\n\t\t\t\t<\/div>\n\t\t\t\t<div class=\"elementor-element elementor-element-0b9641f elementor-widget elementor-widget-heading\" data-id=\"0b9641f\" data-element_type=\"widget\" data-widget_type=\"heading.default\">\n\t\t\t\t<div class=\"elementor-widget-container\">\n\t\t\t<h2 class=\"elementor-heading-title elementor-size-default\">B\u00fcy\u00fcme Plaklar\u0131 ve Epifiz Kapan\u0131\u015f\u0131 Nedir?<\/h2>\t\t<\/div>\n\t\t\t\t<\/div>\n\t\t\t\t<div class=\"elementor-element elementor-element-dbcaf61 elementor-widget elementor-widget-text-editor\" data-id=\"dbcaf61\" data-element_type=\"widget\" data-widget_type=\"text-editor.default\">\n\t\t\t\t<div class=\"elementor-widget-container\">\n\t\t\t\t\t\t\t<p>B\u00fcy\u00fcme plakalar\u0131, femur gibi b\u00fcy\u00fcyen uzun kemiklerin u\u00e7lar\u0131nda bulunabilen, ona uzama yetene\u011fi veren katman benzeri dokulard\u0131r.<\/p><p><strong>Hem kondrogenez hem de osteogenezin ger\u00e7ekle\u015fti\u011fi yerlerdir ve d\u00f6rt b\u00f6lgeden olu\u015furlar:<\/strong><\/p><p>(1) dinlenme b\u00f6lgesi, (2) \u00e7o\u011falma b\u00f6lgesi, (3) hipertrofik b\u00f6lge ve (4) kemikle\u015fme b\u00f6lgesi.<\/p><p>Birincil b\u00f6lge, h\u00fccre pop\u00fclasyonunun aktif kald\u0131\u011f\u0131, yeni h\u00fccreler yaratmak i\u00e7in kendilerini \u00e7o\u011faltt\u0131\u011f\u0131 \u00e7o\u011falma b\u00f6lgesidir. Noktalar inaktif hale gelmeye ba\u015flar ve bunun yerine say\u0131s\u0131z k\u00fc\u00e7\u00fck vakuol\u00fcn daha b\u00fcy\u00fck olanlara do\u011fru birle\u015fmesi nedeniyle b\u00fcy\u00fcmeye ba\u015flar. Sonu\u00e7 olarak, daha a\u00e7\u0131k g\u00f6r\u00fcn\u00fcr ve birincil s\u00fcngerimsi olarak adland\u0131r\u0131l\u0131r. Bir b\u00fcy\u00fcme plakas\u0131n\u0131n uzun bir kemi\u011fi uzataca\u011f\u0131 s\u00fcrece endokondral kemikle\u015fme denir ve bu s\u00fcre\u00e7 y\u00fczlerce kez tekrarlanabilir, yani uzun bir kemik do\u011fumdan sonra bile uzamaya devam edebilir. Bir organizma olgunla\u015ft\u0131\u011f\u0131nda b\u00fcy\u00fcme plakalar\u0131 kemikle\u015febilir.<\/p><p><strong> Bu durum b\u00f6lgeler a\u015fa\u011f\u0131daki gibi oldu\u011funda ger\u00e7ekle\u015fir<\/strong>:<\/p><p><strong>(1) <\/strong>kemi\u011fin fiziksel ucundaki ince bir k\u0131k\u0131rdak tabakas\u0131,<\/p><p><strong>(2)<\/strong> inaktif kondrositler,<\/p><p><strong>(3) <\/strong>metafiz braketini olu\u015fturan kemikle\u015fen h\u00fccreler,<\/p><p><strong>(4)<\/strong> Metafiz ile epifiz kemi\u011fi aras\u0131ndaki alan\u0131 kaplayan osteoblast tabakas\u0131na ba\u011flanma olay\u0131 da denir.<\/p><p>B\u00fcy\u00fcme plakalar\u0131 hem erkek hem de di\u015fi bireylerde ayn\u0131 anda kapanmaz veya ayn\u0131 anda ya\u015flanmaz, \u00f6zellikle de b\u00fcy\u00fcme geni\u015f bir ya\u015fam s\u00fcresi boyunca ger\u00e7ekle\u015fti\u011finde ve insanlarda b\u00fcy\u00fck miktarda boy birikti\u011finde. D\u00fcnya genelinde, di\u015filer yeti\u015fkin boylar\u0131na erkeklerden daha erken ula\u015f\u0131r, ancak yeti\u015fkinlikten \u00f6nceki b\u00fcy\u00fcmenin biti\u015f zaman\u0131 bir\u00e7ok \u015feye ba\u011fl\u0131 olacakt\u0131r <strong>boy uzamas\u0131n\u0131 etkileyen fakt\u00f6rler <\/strong>ve muhtemelen erkek ve di\u015fi bireyler i\u00e7in farkl\u0131d\u0131r. Genel olarak, <strong>18 ya\u015f\u0131ndan sonra boy uzar m\u0131 <\/strong>genetik potansiyeli taraf\u0131ndan belirlenen beslenme ve hormonlar gibi fiziksel etkilere ba\u011fl\u0131 olacakt\u0131r. Epifiz kapanma ya\u015f\u0131ndaki gecikme, uzun bir kemi\u011fin uzamaya devam edece\u011fi ve ortalamadan daha uzun bir uzunlu\u011fa ula\u015fabilece\u011fi anlam\u0131na gelebilir. Eklem b\u00f6lgelerinde s\u00fcrekli a\u011f\u0131r a\u015f\u0131nma ve y\u0131pranmaya yol a\u00e7an g\u00fc\u00e7l\u00fc spor kat\u0131l\u0131m\u0131, b\u00fcy\u00fcme plakas\u0131n\u0131n \u00f6mr\u00fcn\u00fc olumsuz etkileyebilir. Bunun nedeni, di\u011fer k\u0131k\u0131rdaklar gibi b\u00fcy\u00fcme plakalar\u0131n\u0131n da sa\u011fl\u0131kl\u0131 kalmak i\u00e7in m\u00fckemmel bak\u0131m ve beslenmeye ihtiya\u00e7 duymas\u0131d\u0131r. Bir b\u00fcy\u00fcme plakas\u0131 sa\u011fl\u0131kl\u0131 de\u011filse, kemikle\u015febilir ve \u00e7ocuk veya gen\u00e7 yeti\u015fkin olarak a\u015f\u0131r\u0131 kullan\u0131m ya\u015famam\u0131\u015f olsayd\u0131 olaca\u011f\u0131ndan daha erken bir ya\u015fta kapanabilir. Sonunda, ek boy kazan\u0131m\u0131 m\u00fcmk\u00fcn olmaz. Dahas\u0131, bir b\u00fcy\u00fcme plakas\u0131 k\u0131k\u0131rdak oldu\u011fundan, insan v\u00fccudundaki di\u011fer k\u0131k\u0131rdaklar\u0131 etkileyen bozukluklar, insanlarda uzun kemiklerin normal uzunlamas\u0131na b\u00fcy\u00fcmesini etkiler. \u0130nsan iskeletindeki \u00e7e\u015fitli yaralanmalar da b\u00fcy\u00fcme plakalar\u0131n\u0131n olumsuz etkileri nedeniyle boyu etkileyen sorunlara yol a\u00e7abilir. Son olarak, hormonal dengesizlikler, lokalize patolojiler veya genetik anormallikler gibi hastal\u0131klar, bir \u00e7ocu\u011fun bir yeti\u015fkinin nihai boyuna ula\u015fma potansiyelini olumsuz etkileyebilir. Bu bozukluklar ayn\u0131 zamanda t\u00fcm kemik b\u00fcy\u00fcmesinin ne zaman sonlanaca\u011f\u0131, yani b\u00fcy\u00fcme plaklar\u0131n\u0131n ne zaman kapanaca\u011f\u0131 ve odaksal b\u00fcy\u00fcmenin ne zaman m\u00fcmk\u00fcn olmayaca\u011f\u0131 zaman\u0131n\u0131 da etkileyebilir.<\/p>\t\t\t\t\t\t<\/div>\n\t\t\t\t<\/div>\n\t\t\t\t<div class=\"elementor-element elementor-element-416b83c elementor-widget elementor-widget-heading\" data-id=\"416b83c\" data-element_type=\"widget\" data-widget_type=\"heading.default\">\n\t\t\t\t<div class=\"elementor-widget-container\">\n\t\t\t<h2 class=\"elementor-heading-title elementor-size-default\">Boy Uzamas\u0131n\u0131 Etkileyen Fakt\u00f6rler Nelerdir?<\/h2>\t\t<\/div>\n\t\t\t\t<\/div>\n\t\t\t\t<div class=\"elementor-element elementor-element-d141dc5 elementor-widget elementor-widget-text-editor\" data-id=\"d141dc5\" data-element_type=\"widget\" data-widget_type=\"text-editor.default\">\n\t\t\t\t<div class=\"elementor-widget-container\">\n\t\t\t\t\t\t\t<p>Boy sadece genetik fakt\u00f6rler taraf\u0131ndan belirlenmez, ayn\u0131 zamanda \u00e7evresel fakt\u00f6rlerden de etkilenir. Genel pop\u00fclasyonda yeti\u015fkin boyu yakla\u015f\u0131k 80% kal\u0131t\u0131msald\u0131r, yani yeti\u015fkin boyundaki varyasyonun 80%&#039;si genetik fakt\u00f6rlere atfedilir. Boy uzamas\u0131n\u0131 etkileyen kal\u0131t\u0131m fakt\u00f6rleri karma\u015f\u0131kt\u0131r \u00e7\u00fcnk\u00fc poligeniktir, yani birden fazla genin birle\u015fimi taraf\u0131ndan belirlenir. Dahas\u0131, gen \u00e7er\u00e7evesi i\u00e7inde etkile\u015fime giren \u00e7evresel, sosyoekonomik ve sa\u011fl\u0131k durumu gibi boy \u00fczerinde do\u011frudan veya dolayl\u0131 etkisi olan \u00e7ok say\u0131da genetik olmayan fakt\u00f6r vard\u0131r. \u00d6zetle, geneti\u011fin insan boyunda belirleyici bir rol oynad\u0131\u011f\u0131na \u015f\u00fcphe yoktur, ancak bir\u00e7ok \u00e7evresel fakt\u00f6r vard\u0131r <strong>boy uzamas\u0131n\u0131 etkileyen fakt\u00f6rler <\/strong>b\u00fcy\u00fcme ve nihai y\u00fcksekli\u011fin ifadesini mod\u00fcle edebilen. Asl\u0131nda, ya\u015fam ko\u015fullar\u0131 ve \u00e7evredeki iyile\u015ftirmeler artan boy e\u011filimiyle ili\u015fkilidir.<\/p><p>Sosyoekonomik durum ve iyi sa\u011fl\u0131k hizmetlerine eri\u015fim bir \u00e7ocu\u011fun fiziksel b\u00fcy\u00fcmesini etkileyebilir. D\u00fc\u015f\u00fck gelir veya yoksulluk ve yetersiz istihdam, sa\u011fl\u0131kl\u0131 g\u0131daya, sa\u011fl\u0131k hizmetlerine ve ya\u015famak ve oynamak i\u00e7in g\u00fcvenli ortamlara eri\u015fimi zorla\u015ft\u0131r\u0131r. K\u00f6t\u00fc sa\u011fl\u0131k, b\u00fcy\u00fcme s\u00fcrecini yava\u015flatabilir ve yeti\u015fkin boyunu azaltabilir. Boyun 80%&#039;sinin genetik fakt\u00f6rler taraf\u0131ndan kontrol edildi\u011fi tahmin edilse de, bu ayn\u0131 zamanda boy b\u00fcy\u00fcmesini etkileyen \u00e7evresel fakt\u00f6rlerin, fenotipi belirlemede genler ve \u00e7evre aras\u0131nda bir etkile\u015fim oldu\u011fu i\u00e7in kalan 20% boyunu belirlemede \u00e7ok \u00f6nemli bir rol oynad\u0131\u011f\u0131 anlam\u0131na gelir. Beslenme, \u00f6zellikle A vitamini, D vitamini, \u00e7inko ve protein, belki de en \u00f6nemli genetik olmayan fakt\u00f6rd\u00fcr. Dahas\u0131, kalsiyum ve yeterli omega-3 ya\u011f asitleri gibi di\u011fer diyet \u00f6\u011feleri kemik b\u00fcy\u00fcmesini do\u011frudan etkileyebilir. Uzunlamas\u0131na b\u00fcy\u00fcme, diyetteki toplam n-6 ya\u011f asidi i\u00e7eri\u011fiyle ters orant\u0131l\u0131d\u0131r. Uyku d\u00fczenleri ve fiziksel aktivitelerin ve egzersizin miktar\u0131 ve t\u00fcr\u00fc gibi ya\u015fam tarz\u0131 se\u00e7imleri de b\u00fcy\u00fcmeyi etkileyebilir. Yeterince kaliteli dinlenmeyen \u00e7ocuklar, yeterli uyku alan \u00e7ocuklardan daha az b\u00fcy\u00fcyebilir.<\/p>\t\t\t\t\t\t<\/div>\n\t\t\t\t<\/div>\n\t\t\t\t<div class=\"elementor-element elementor-element-fc4537a elementor-widget elementor-widget-heading\" data-id=\"fc4537a\" data-element_type=\"widget\" data-widget_type=\"heading.default\">\n\t\t\t\t<div class=\"elementor-widget-container\">\n\t\t\t<h2 class=\"elementor-heading-title elementor-size-default\">Genetik Boy Uzamas\u0131n\u0131 Nas\u0131l Etkiler?<\/h2>\t\t<\/div>\n\t\t\t\t<\/div>\n\t\t\t\t<div class=\"elementor-element elementor-element-f3416ce elementor-widget elementor-widget-text-editor\" data-id=\"f3416ce\" data-element_type=\"widget\" data-widget_type=\"text-editor.default\">\n\t\t\t\t<div class=\"elementor-widget-container\">\n\t\t\t\t\t\t\t<p>Beslenme uzun zamand\u0131r boy uzamas\u0131 s\u00fcrecinde kritik olarak kabul edilmi\u015ftir. Do\u011fumdan yeti\u015fkinli\u011fe kadar \u00f6nemlidir, t\u0131pk\u0131 bir bebe\u011fin beslenmesinin bir \u00e7ocu\u011fun b\u00fcy\u00fcmesi i\u00e7in son derece \u00f6nemli olmas\u0131 gibi, bu da daha sonraki y\u0131llara kadar devam edebilir. Bir \u00e7ocu\u011fun b\u00fcy\u00fcmesi \u00f6ncelikle enerji ve protein tedarikinden, ayr\u0131ca iyi bir v\u00fccut ve \u00f6zellikle \u00e7ocuklar\u0131n kemik geli\u015fimi i\u00e7in yeterli vitamin ve minerallerden etkilenir. Yumurta ve s\u00fct formundaki proteinler ve temel amino asitler, iyi kalsiyum emilimi i\u00e7in esas olarak \u00f6nemlidir. Temel vitaminler ve mineraller ayr\u0131ca kemik olu\u015fumunu ve v\u00fccuttaki bir\u00e7ok fizyolojik s\u00fcreci destekler ve d\u00fczenler. Bu nedenle, \u00e7ocuklar dengeli bir diyetle b\u00fcy\u00fcme y\u0131llar\u0131 boyunca uygun beslenmeyi almal\u0131d\u0131r. Bebeklikten 18 ya\u015f\u0131na kadar b\u00fcy\u00fcme i\u00e7in \u00f6zellikle \u00f6nemli olan besinler aras\u0131nda protein, kalsiyum, fosfor, D vitamini ve \u00e7inko bulunur. D\u00fc\u015f\u00fck kalsiyum al\u0131m\u0131 genellikle bozulmu\u015f kemik mineralizasyonu ve daha d\u00fc\u015f\u00fck besinsel ra\u015fitizm riski ile ili\u015fkilidir. D vitamini, her ya\u015fta ince ba\u011f\u0131rsakta kalsiyum emilimine ve kemik homeostaz\u0131na katk\u0131da bulunur. Ek olarak, D vitamini seviyeleri mevsimsel olarak dalgalan\u0131r, en y\u00fcksek seviyeler yaz sonunda ve en d\u00fc\u015f\u00fck seviyeler k\u0131\u015f sonunda olur. Bu nedenle, \u00e7ocukluk d\u00f6neminde uzun s\u00fcreli eksiklik, \u00f6nceden var olan ra\u015fitizm riskini art\u0131r\u0131r. Kahve ve kafein t\u00fcketimi kalsiyum emilimini azaltabilir, ancak kalsiyum al\u0131m\u0131 yeterliyse, kahve ve kafeinin diyetle al\u0131m\u0131n\u0131n kalsiyum metabolizmas\u0131 \u00fczerindeki etkisi minimaldir. Erken ya\u015famdaki beslenme al\u0131\u015fkanl\u0131klar\u0131 yaln\u0131zca b\u00fcy\u00fck sa\u011fl\u0131k belirleyicileri olmakla kalmaz, ayn\u0131 zamanda yeti\u015fkinlikte sa\u011fl\u0131\u011f\u0131n temelini olu\u015fturur. \u00c7ok say\u0131da \u00e7al\u0131\u015fma, yetersiz beslenme ile gecikmi\u015f b\u00fcy\u00fcme aras\u0131ndaki ili\u015fkiyi tan\u0131mlam\u0131\u015ft\u0131r.<\/p>\t\t\t\t\t\t<\/div>\n\t\t\t\t<\/div>\n\t\t\t\t<div class=\"elementor-element elementor-element-cebf1b5 elementor-widget elementor-widget-heading\" data-id=\"cebf1b5\" data-element_type=\"widget\" data-widget_type=\"heading.default\">\n\t\t\t\t<div class=\"elementor-widget-container\">\n\t\t\t<h2 class=\"elementor-heading-title elementor-size-default\">Beslenme ve Diyet Boy Uzamas\u0131n\u0131 Nas\u0131l Etkiler?<\/h2>\t\t<\/div>\n\t\t\t\t<\/div>\n\t\t\t\t<div class=\"elementor-element elementor-element-995272f elementor-widget elementor-widget-text-editor\" data-id=\"995272f\" data-element_type=\"widget\" data-widget_type=\"text-editor.default\">\n\t\t\t\t<div class=\"elementor-widget-container\">\n\t\t\t\t\t\t\t<p>Beslenme uzun zamand\u0131r boy uzamas\u0131 s\u00fcrecinde kritik olarak kabul edilmi\u015ftir. Do\u011fumdan yeti\u015fkinli\u011fe kadar \u00f6nemlidir, t\u0131pk\u0131 bir bebe\u011fin beslenmesinin bir \u00e7ocu\u011fun b\u00fcy\u00fcmesi i\u00e7in son derece \u00f6nemli olmas\u0131 gibi, bu da daha sonraki y\u0131llara kadar devam edebilir. Bir \u00e7ocu\u011fun b\u00fcy\u00fcmesi \u00f6ncelikle enerji ve protein tedarikinden, ayr\u0131ca iyi bir v\u00fccut ve \u00f6zellikle \u00e7ocuklar\u0131n kemik geli\u015fimi i\u00e7in yeterli vitamin ve minerallerden etkilenir. Yumurta ve s\u00fct formundaki proteinler ve temel amino asitler, iyi kalsiyum emilimi i\u00e7in esas olarak \u00f6nemlidir. Temel vitaminler ve mineraller ayr\u0131ca kemik olu\u015fumunu ve v\u00fccuttaki bir\u00e7ok fizyolojik s\u00fcreci destekler ve d\u00fczenler. Bu nedenle, \u00e7ocuklar dengeli bir diyetle b\u00fcy\u00fcme y\u0131llar\u0131 boyunca uygun beslenmeyi almal\u0131d\u0131r. Bebeklikten 18 ya\u015f\u0131na kadar b\u00fcy\u00fcme i\u00e7in \u00f6zellikle \u00f6nemli olan besinler aras\u0131nda protein, kalsiyum, fosfor, D vitamini ve \u00e7inko bulunur. D\u00fc\u015f\u00fck kalsiyum al\u0131m\u0131 genellikle bozulmu\u015f kemik mineralizasyonu ve daha d\u00fc\u015f\u00fck besinsel ra\u015fitizm riski ile ili\u015fkilidir. D vitamini, her ya\u015fta ince ba\u011f\u0131rsakta kalsiyum emilimine ve kemik homeostaz\u0131na katk\u0131da bulunur. Ek olarak, D vitamini seviyeleri mevsimsel olarak dalgalan\u0131r, en y\u00fcksek seviyeler yaz sonunda ve en d\u00fc\u015f\u00fck seviyeler k\u0131\u015f sonunda olur. Bu nedenle, \u00e7ocukluk d\u00f6neminde uzun s\u00fcreli eksiklik, \u00f6nceden var olan ra\u015fitizm riskini art\u0131r\u0131r. Kahve ve kafein t\u00fcketimi kalsiyum emilimini azaltabilir, ancak kalsiyum al\u0131m\u0131 yeterliyse, kahve ve kafeinin diyetle al\u0131m\u0131n\u0131n kalsiyum metabolizmas\u0131 \u00fczerindeki etkisi minimaldir. Erken ya\u015famdaki beslenme al\u0131\u015fkanl\u0131klar\u0131 yaln\u0131zca b\u00fcy\u00fck sa\u011fl\u0131k belirleyicileri olmakla kalmaz, ayn\u0131 zamanda yeti\u015fkinlikte sa\u011fl\u0131\u011f\u0131n temelini olu\u015fturur. \u00c7ok say\u0131da \u00e7al\u0131\u015fma, yetersiz beslenme ile gecikmi\u015f b\u00fcy\u00fcme aras\u0131ndaki ili\u015fkiyi tan\u0131mlam\u0131\u015ft\u0131r.<\/p>\t\t\t\t\t\t<\/div>\n\t\t\t\t<\/div>\n\t\t\t\t<div class=\"elementor-element elementor-element-37dadba elementor-widget elementor-widget-heading\" data-id=\"37dadba\" data-element_type=\"widget\" data-widget_type=\"heading.default\">\n\t\t\t\t<div class=\"elementor-widget-container\">\n\t\t\t<h2 class=\"elementor-heading-title elementor-size-default\">Ge\u00e7 B\u00fcy\u00fcme Ataklar\u0131 Nedir?<\/h2>\t\t<\/div>\n\t\t\t\t<\/div>\n\t\t\t\t<div class=\"elementor-element elementor-element-42c5377 elementor-widget elementor-widget-text-editor\" data-id=\"42c5377\" data-element_type=\"widget\" data-widget_type=\"text-editor.default\">\n\t\t\t\t<div class=\"elementor-widget-container\">\n\t\t\t\t\t\t\t<p>Son y\u0131llarda, bir\u00e7ok yeti\u015fkin geleneksel olarak ikinci on y\u0131ldaki b\u00fcy\u00fcmeyle ili\u015fkilendirilen b\u00fcy\u00fcme belirtileri g\u00f6stermektedir. Femurda g\u00f6r\u00fclebilen kas lifi bantlar\u0131 ve basit kemik ili\u011fi ya\u011f dokusunun varl\u0131\u011f\u0131, ekstremitelerde ilerleyici b\u00fcy\u00fcmenin klinik g\u00f6zlemiyle birlikte bu b\u00fcy\u00fcmeyi do\u011frulamaktad\u0131r. Son on y\u0131llardaki yeti\u015fkinlerde 20 veya hatta 24 ya\u015f\u0131nda b\u00fcy\u00fcme ata\u011f\u0131, \u00e7ocukluktan \u00e7\u0131kt\u0131klar\u0131nda ve ergenlikten sonra boy uzamas\u0131 oldu\u011funda hastan\u0131n alg\u0131lamas\u0131 i\u00e7in s\u0131k ve kolay bir \u015feydir. Hala uzamaktad\u0131rlar. Uygulamada biraz deneyimi olan klinisyenler i\u00e7in, yirmili ya\u015flara kadar boy uzamas\u0131 boy \u00f6l\u00e7\u00fcmleriyle kolayca kan\u0131tlanabilir ve sunduklar\u0131 b\u00fcy\u00fcme h\u0131zlar\u0131na uygulanan herhangi bir e\u011friye kendili\u011finden uyman\u0131n hesaplanan tarihlerinin analiz edilmesiyle do\u011frulanabilir.<\/p><p>B\u00fcy\u00fcmeyi S \u015feklinde e\u011fri modelleri, b\u00fcy\u00fcme h\u0131zlar\u0131, b\u00fcy\u00fcme zirveleri veya faz kontrastlar\u0131 ile inceleyen ve do\u011frulayan istatistiksel kavramlar, b\u00fcy\u00fcmenin birinci, ikinci ve \u00fc\u00e7\u00fcnc\u00fc evrelerinde ve bu kavramlar\u0131n fizyolojik temelleri hen\u00fcz klinik anketlere dahil edilmemi\u015ftir ve fizyopatoloji, terap\u00f6tik y\u00f6nler ve takip protokolleri \u00e7al\u0131\u015fmalar\u0131 dahil olmak \u00fczere herhangi bir incelemede \u00f6nceliklendirilmemi\u015ftir. Sonu\u00e7 olarak, gen\u00e7 yeti\u015fkinlerde son \u00e7eyrekte zirvelere ula\u015fmak hala en deneyimli olanlar\u0131n alg\u0131s\u0131yla s\u0131n\u0131rl\u0131d\u0131r, bu ki\u015filer <strong>boy uzamas\u0131 ya\u015f s\u0131n\u0131r\u0131<\/strong> 20 ila 24 ya\u015f\u0131ndaki hastalar, bu ya\u015f grubuna b\u00fcy\u00fcmeyi getiren kesin klinik verilerden ve patofizyolojik prensiplerden yoksun olarak kolayl\u0131kla. Hem klinik hem de fizyolojik olan t\u00fcm bu basit kan\u0131tlar ve de\u011fi\u015fkenli\u011fin metodik de\u011ferlendirmesi, b\u00fcy\u00fcmenin sonraki a\u015famalar\u0131yla ili\u015fkili gelenekler, b\u00fcy\u00fcme kurallar\u0131, tutumlar ve beklentiler i\u00e7in \u00f6nemli \u00e7\u0131kar\u0131mlar sa\u011flayabilir.<\/p>\t\t\t\t\t\t<\/div>\n\t\t\t\t<\/div>\n\t\t\t\t<div class=\"elementor-element elementor-element-b34830f elementor-widget elementor-widget-heading\" data-id=\"b34830f\" data-element_type=\"widget\" data-widget_type=\"heading.default\">\n\t\t\t\t<div class=\"elementor-widget-container\">\n\t\t\t<h2 class=\"elementor-heading-title elementor-size-default\">Ge\u00e7 B\u00fcy\u00fcme Ataklar\u0131n\u0131n Nedeni Nedir?<\/h2>\t\t<\/div>\n\t\t\t\t<\/div>\n\t\t\t\t<div class=\"elementor-element elementor-element-d238d25 elementor-widget elementor-widget-text-editor\" data-id=\"d238d25\" data-element_type=\"widget\" data-widget_type=\"text-editor.default\">\n\t\t\t\t<div class=\"elementor-widget-container\">\n\t\t\t\t\t\t\t<p>G\u00fcn\u00fcm\u00fczde bu olguya &quot;<strong>yeti\u015fkinlikte boy uzamas\u0131<\/strong>\u201d ve yeti\u015fkinlerde santimetre kazan\u0131m\u0131n\u0131 te\u015fvik etmek i\u00e7in etkili m\u00fcdahalelerde bulunmak m\u00fcmk\u00fcnd\u00fcr. Ancak bu fenomen nas\u0131l tan\u0131mlan\u0131yor ve <strong>18 ya\u015f\u0131ndan sonra boy uzar m\u0131<\/strong>? Tan\u0131m\u0131 <strong>yeti\u015fkinlikte boy uzamas\u0131<\/strong> tamamen kemiklerin anatomik yap\u0131s\u0131n\u0131n bilgisine dayan\u0131r. Bu bilgi, kemiklerin \u00e7ok say\u0131da h\u00fccre ve doku i\u00e7eren ve \u00e7ok \u00f6zel bir yap\u0131ya sahip karma\u015f\u0131k organlar olmas\u0131 nedeniyle m\u00fcmk\u00fcnd\u00fcr. Ya\u015flanmayla birlikte kemiklerin morfolojik \u00f6zellikleri i\u00e7 ve d\u0131\u015f sinyallere kar\u015f\u0131 a\u015f\u0131r\u0131 hassas hale gelir ve bu i\u00e7sel \u00f6zellikler do\u011frudan boyu etkileyebilir. Yeti\u015fkinlikte boy uzamas\u0131, izole veya ard\u0131\u015f\u0131k olarak hareket edebilen \u00fc\u00e7 s\u00fcre\u00e7ten kaynaklan\u0131r: epifizin kalsifikasyon s\u00fcresi ve d\u00fc\u015f\u00fck kalsifikasyon ortalamas\u0131, disk yeniden b\u00fcy\u00fcme h\u0131z\u0131 ve kalsifiye kemi\u011fin trabek\u00fcler kal\u0131nl\u0131\u011f\u0131.<\/p><p>Yeti\u015fkinli\u011fin biyolojik a\u00e7\u0131klamas\u0131na gelince; <strong>boy uzamas\u0131 ya\u015f s\u0131n\u0131r\u0131<\/strong>, bir insan\u0131n ya\u015fam\u0131 boyunca epifiz pla\u011f\u0131nda olanlar\u0131n \u00e7ok dinamik oldu\u011fu g\u00f6sterilmi\u015ftir. Yeti\u015fkinlerdeki epifiz k\u0131k\u0131rdaklar\u0131, h\u00fccre uzamas\u0131n\u0131 ve b\u00f6l\u00fcnmesini kolayla\u015ft\u0131ran, \u00e7o\u011falan b\u00f6lge \u00fczerinde etki edebilen h\u00fccre d\u0131\u015f\u0131 matris ve b\u00fcy\u00fcme fakt\u00f6rleri gibi sinyaller al\u0131r. Ek olarak, aktif mezenkimal h\u00fccrelerin varl\u0131\u011f\u0131 yaln\u0131zca bu iki s\u00fcrece yard\u0131mc\u0131 olmakla kalmaz, ayn\u0131 zamanda uyar\u0131ld\u0131\u011f\u0131nda yeni k\u0131k\u0131rdak dokusu \u00fcreterek epifiz pla\u011f\u0131n\u0131 daha kal\u0131n hale getirir. Proliferatif ve hipertrofik b\u00f6lgelerin eski de\u011ferlerine e\u015fit olan bu \u00e7o\u011falan k\u0131s\u0131mda \u00fcretilen bu yeni h\u00fccreler arac\u0131l\u0131\u011f\u0131yla, epifiz plakas\u0131 b\u00fcy\u00fcme b\u00f6lgesine yeniden farkl\u0131la\u015fabilir. Bu yeni b\u00fcy\u00fcme b\u00f6lgesinde, yeni bir kondrosit s\u00fctunu ortaya \u00e7\u0131kabilir ve h\u0131zla kalsifiye olabilir, epifiz b\u00f6lgesinin yeni bir b\u00f6l\u00fcm\u00fcn\u00fc olu\u015fturur ve organizman\u0131n y\u00fcksekli\u011fini art\u0131r\u0131r.<\/p>\t\t\t\t\t\t<\/div>\n\t\t\t\t<\/div>\n\t\t\t\t<div class=\"elementor-element elementor-element-e56d0c3 elementor-widget elementor-widget-heading\" data-id=\"e56d0c3\" data-element_type=\"widget\" data-widget_type=\"heading.default\">\n\t\t\t\t<div class=\"elementor-widget-container\">\n\t\t\t<h3 class=\"elementor-heading-title elementor-size-default\">\u00c7\u00f6z\u00fcm<\/h3>\t\t<\/div>\n\t\t\t\t<\/div>\n\t\t\t\t<div class=\"elementor-element elementor-element-8ba0692 elementor-widget elementor-widget-text-editor\" data-id=\"8ba0692\" data-element_type=\"widget\" data-widget_type=\"text-editor.default\">\n\t\t\t\t<div class=\"elementor-widget-container\">\n\t\t\t\t\t\t\t<p>Sonu\u00e7 olarak, yeti\u015fkin \u00f6ncesi ve yeti\u015fkin b\u00fcy\u00fcmesinin temelini olu\u015fturan \u00e7ok h\u00fccreli s\u00fcre\u00e7lere ili\u015fkin bu genel bak\u0131\u015f, konunun hala \u00f6nemli oldu\u011funu vurgulamaktad\u0131r. B\u00fcy\u00fcmedeki bireyler aras\u0131 farkl\u0131l\u0131klar derindir ve \u00e7e\u015fitli y\u00f6ntemler kullan\u0131larak yorumlan\u0131r. Bu s\u00fcrecin daha fazla ara\u015ft\u0131r\u0131lmas\u0131n\u0131n \u00f6nemi, \u00f6zellikle sa\u011fl\u0131k ve beslenmeyle ilgili olarak yak\u0131n zamanda ifade edilmi\u015f olup, bu da duru\u015fumuzu desteklemektedir.<\/p><p>\u0130nsan boyunun b\u00fcy\u00fcmesi ve geli\u015fimine ili\u015fkin detayl\u0131 analizimize dayanarak, bir dizi \u00f6nemli bulgu elde edilebilir:<\/p><p>\u00a0\u2013 Bireyin ne kadar uzayaca\u011f\u0131 ve b\u00fcy\u00fcmenin ne kadar h\u0131zl\u0131 ger\u00e7ekle\u015fece\u011fi konusunda genetik fakt\u00f6rler b\u00fcy\u00fck \u00f6nem ta\u015f\u0131maktad\u0131r.<\/p><p>\u2013 Beslenme, b\u00fcy\u00fcmenin ve geli\u015fimin birincil itici g\u00fcc\u00fcd\u00fcr <strong>ge\u00e7 b\u00fcy\u00fcme ataklar\u0131<\/strong> Bu durum yeti\u015fkinlikte genetik beklentilerin \u00f6tesinde daha uzun boylu olmaya yol a\u00e7abilir.<\/p><p>\u2013 B\u00fcy\u00fcmeyi destekleyen s\u00fcre\u00e7lerin ve bunlara ba\u011fl\u0131 hormonal ve biyolojik sinyallerin etkili bir \u015fekilde d\u00fczenlenmesi ve b\u00fct\u00fcnle\u015ftirilmesi, ki\u015finin yeti\u015fkinlik ve ya\u015fl\u0131l\u0131kta boy uzama yetene\u011finde \u00f6nemli rol oynar.<\/p><p>\u2013 Geli\u015fim a\u015famas\u0131nda zaman zaman b\u00fcy\u00fcme ataklar\u0131 ya\u015fanabilir ve erkekler genellikle <strong>boy ka\u00e7 ya\u015f\u0131na kadar uzar <\/strong>18-19 ya\u015f civar\u0131nda ba\u015flar ve yirmili ya\u015flara kadar boylar\u0131 uzar.<\/p><p>\u2013 \u0130stisnalar g\u00f6r\u00fclebilir; bireyler bazen \u00fc\u00e7\u00fcnc\u00fc, bazen de d\u00f6rd\u00fcnc\u00fc ony\u0131lda genetik potansiyellerinin \u00f6tesinde boy kazanabilirler.<\/p><p>\u2013 Genel sa\u011fl\u0131k, \u00f6zellikle beslenme durumu ve hastal\u0131klar\u0131n varl\u0131\u011f\u0131, bir bireyin hayat\u0131n\u0131n \u015fu anki evresinde b\u00fcy\u00fcme yetene\u011fini \u00f6nemli \u00f6l\u00e7\u00fcde etkiler ve bu durum ge\u00e7 ya\u015flara kadar uzayabilir. <strong>ergenlikten sonra boy uzamas\u0131<\/strong> ve yeterli sa\u011fl\u0131k sa\u011flan\u0131rsa yeti\u015fkinli\u011fe bile ula\u015fabilir.<\/p><p>&#8211; <strong>Ge\u00e7 b\u00fcy\u00fcme ataklar\u0131<\/strong> yeti\u015fkinli\u011fe daha yak\u0131n (20 ya\u015f \u00fcst\u00fc olarak tan\u0131mlan\u0131yor) inan\u00e7lar\u0131n ve anekdot kan\u0131tlar\u0131n \u00f6nerdi\u011finden \u00f6nemli \u00f6l\u00e7\u00fcde daha nadirdir. Ancak, mevcut ara\u015ft\u0131rma bilgisinde \u00f6nemli bo\u015fluklar vard\u0131r ve bu, yeti\u015fkin boy uzamas\u0131 \u00fczerindeki etki, kapsam ve etkilerin \u015fu anda neden yeterince anla\u015f\u0131lmad\u0131\u011f\u0131n\u0131 a\u00e7\u0131klamaya y\u00f6neliktir. Mevcut veriler b\u00fcy\u00fck \u00f6l\u00e7\u00fcde tan\u0131mlay\u0131c\u0131d\u0131r ve en geni\u015f yeti\u015fkin ya\u015fam s\u00fcresinde anormal boy geli\u015fiminin yayg\u0131nl\u0131\u011f\u0131 veya molek\u00fcler ve genetik itici g\u00fc\u00e7leri veya ya\u015fam s\u00fcresi boyunca nihai insan boyumuzu belirlemek i\u00e7in bir araya gelen daha ince de\u011fi\u015fiklikler hakk\u0131nda \u00e7ok az \u015fey sunar.<\/p><p>Gelecekteki ara\u015ft\u0131rmalara y\u00f6nelik \u00f6neriler \u015funlard\u0131r:<\/p><p>\u2013 Geni\u015f bir ya\u015f aral\u0131\u011f\u0131na sahip kohort veri k\u00fcmelerinin incelenmesi veya bir araya getirilmesi ve analiz edilmesi, bu \u00f6l\u00e7\u00fcmlerin do\u011fru boy ve zaman noktalar\u0131n\u0131n g\u00fcvenilir \u00f6l\u00e7\u00fcmlerinin al\u0131nmas\u0131.<\/p><p>\u2013 Beslenme, sosyoekonomik durum ve \u00f6nemli kronik hastal\u0131klar dahil olmak \u00fczere ileriki ya\u015famdaki boy de\u011fi\u015fiminin etkilerini ve \u00f6ng\u00f6r\u00fcc\u00fclerini belirlemek.<\/p><p>\u2013 Do\u011fum sonras\u0131 boy uzamas\u0131n\u0131 art\u0131rma yetene\u011fi ve zenginle\u015ftirici uyaranlar\u0131n etkisi ile osteoartrit ve kardiyovask\u00fcler hastal\u0131k gibi durumlar\u0131n g\u00f6r\u00fclme s\u0131kl\u0131\u011f\u0131 aras\u0131ndaki korelasyon ve etkile\u015fimlerin ara\u015ft\u0131r\u0131lmas\u0131.<\/p><p>\u00a0<\/p>\t\t\t\t\t\t<\/div>\n\t\t\t\t<\/div>\n\t\t\t\t<\/div>\n\t\t\t\t<\/div>\n\t\t\t\t\t<\/div>\n\t\t\t\t<\/div>\n\t\t<div class=\"elementor-element elementor-element-9bcdde5 e-flex e-con-boxed e-con e-parent\" data-id=\"9bcdde5\" data-element_type=\"container\">\n\t\t\t\t\t<div class=\"e-con-inner\">\n\t\t<div class=\"elementor-element elementor-element-664766f e-con-full e-flex e-con e-child\" data-id=\"664766f\" data-element_type=\"container\">\n\t\t\t\t<div class=\"elementor-element elementor-element-f8cca20 elementor-post-navigation-borders-yes elementor-widget elementor-widget-post-navigation\" data-id=\"f8cca20\" data-element_type=\"widget\" data-widget_type=\"post-navigation.default\">\n\t\t\t\t<div class=\"elementor-widget-container\">\n\t\t\t\t\t<div class=\"elementor-post-navigation\">\n\t\t\t<div class=\"elementor-post-navigation__prev elementor-post-navigation__link\">\n\t\t\t\t<a href=\"https:\/\/llscenter.com\/tr\/boy-uzatma-cerrahisi-riskli-mi-guvenli-mi\/\" rel=\"prev\"><span class=\"post-navigation__arrow-wrapper post-navigation__arrow-prev\"><i class=\"fa fa-chevron-left\" aria-hidden=\"true\"><\/i><span class=\"elementor-screen-only\">Prev<\/span><\/span><span class=\"elementor-post-navigation__link__prev\"><span class=\"post-navigation__prev--label\">\u00d6ncesi<\/span><span class=\"post-navigation__prev--title\">Boy Uzatma Ameliyat\u0131: Riskli mi, G\u00fcvenli mi?<\/span><\/span><\/a>\t\t\t<\/div>\n\t\t\t\t\t\t\t<div class=\"elementor-post-navigation__separator-wrapper\">\n\t\t\t\t\t<div class=\"elementor-post-navigation__separator\"><\/div>\n\t\t\t\t<\/div>\n\t\t\t\t\t\t<div class=\"elementor-post-navigation__next elementor-post-navigation__link\">\n\t\t\t\t\t\t\t<\/div>\n\t\t<\/div>\n\t\t\t\t<\/div>\n\t\t\t\t<\/div>\n\t\t\t\t<\/div>\n\t\t\t\t\t<\/div>\n\t\t\t\t<\/div>\n\t\t\t\t<\/div>","protected":false},"excerpt":{"rendered":"<p>Uzuv uzatma ameliyat\u0131n\u0131, tekniklerini, iyile\u015fme s\u00fcrecini ve maliyetlerini ke\u015ffedin. Bu ameliyat\u0131n ya\u015fam kalitesini nas\u0131l art\u0131rabilece\u011fini \u00f6\u011frenin.<\/p>","protected":false},"author":2,"featured_media":860,"comment_status":"closed","ping_status":"open","sticky":false,"template":"elementor_header_footer","format":"standard","meta":{"footnotes":""},"categories":[1],"tags":[],"class_list":["post-858","post","type-post","status-publish","format-standard","has-post-thumbnail","hentry","category-genel"],"yoast_head":"<!-- This site is optimized with the Yoast SEO plugin v26.2 - https:\/\/yoast.com\/wordpress\/plugins\/seo\/ -->\n<title>Does Height Increase After Age 18? - Until What Age Does Height Grow? - LLS Center<\/title>\n<meta name=\"description\" content=\"The science behind height increase after age 18. Genetics, nutrition, and late-growth spurts influence adult height growth. Continued growth into the mid-20s.\" \/>\n<meta name=\"robots\" content=\"index, follow, max-snippet:-1, max-image-preview:large, max-video-preview:-1\" \/>\n<link rel=\"canonical\" href=\"https:\/\/llscenter.com\/tr\/boy-18-yasindan-sonra-uzar-mi-hangi-yas-boy-uzar\/\" \/>\n<meta property=\"og:locale\" content=\"tr_TR\" \/>\n<meta property=\"og:type\" content=\"article\" \/>\n<meta property=\"og:title\" content=\"Does Height Increase After Age 18? - Until What Age Does Height Grow? - LLS Center\" \/>\n<meta property=\"og:description\" content=\"The science behind height increase after age 18. Genetics, nutrition, and late-growth spurts influence adult height growth. Continued growth into the mid-20s.\" \/>\n<meta property=\"og:url\" content=\"https:\/\/llscenter.com\/tr\/boy-18-yasindan-sonra-uzar-mi-hangi-yas-boy-uzar\/\" \/>\n<meta property=\"og:site_name\" content=\"LLS Center\" \/>\n<meta property=\"article:published_time\" content=\"2024-11-13T13:20:18+00:00\" \/>\n<meta property=\"og:image\" content=\"https:\/\/llscenter.com\/wp-content\/uploads\/2024\/10\/does-height-increase-after-age-18until-what-age-does-height-grow-00.jpg\" \/>\n\t<meta property=\"og:image:width\" content=\"1000\" \/>\n\t<meta property=\"og:image:height\" content=\"500\" \/>\n\t<meta property=\"og:image:type\" content=\"image\/jpeg\" \/>\n<meta name=\"author\" content=\"Sercan YAZAR\" \/>\n<meta name=\"twitter:card\" content=\"summary_large_image\" \/>\n<meta name=\"twitter:label1\" content=\"Yazan:\" \/>\n\t<meta name=\"twitter:data1\" content=\"Sercan YAZAR\" \/>\n\t<meta name=\"twitter:label2\" content=\"Tahmini okuma s\u00fcresi\" \/>\n\t<meta name=\"twitter:data2\" content=\"14 dakika\" \/>\n<script type=\"application\/ld+json\" class=\"yoast-schema-graph\">{\"@context\":\"https:\/\/schema.org\",\"@graph\":[{\"@type\":\"WebPage\",\"@id\":\"https:\/\/llscenter.com\/does-height-increase-after-age-18-until-what-age-does-height-grow\/\",\"url\":\"https:\/\/llscenter.com\/does-height-increase-after-age-18-until-what-age-does-height-grow\/\",\"name\":\"Does Height Increase After Age 18? - Until What Age Does Height Grow? - LLS Center\",\"isPartOf\":{\"@id\":\"https:\/\/llscenter.com\/#website\"},\"primaryImageOfPage\":{\"@id\":\"https:\/\/llscenter.com\/does-height-increase-after-age-18-until-what-age-does-height-grow\/#primaryimage\"},\"image\":{\"@id\":\"https:\/\/llscenter.com\/does-height-increase-after-age-18-until-what-age-does-height-grow\/#primaryimage\"},\"thumbnailUrl\":\"https:\/\/llscenter.com\/wp-content\/uploads\/2024\/10\/does-height-increase-after-age-18until-what-age-does-height-grow-00.jpg\",\"datePublished\":\"2024-11-13T13:20:18+00:00\",\"author\":{\"@id\":\"https:\/\/llscenter.com\/#\/schema\/person\/0c81546343315566182df14c4d86f045\"},\"description\":\"The science behind height increase after age 18. Genetics, nutrition, and late-growth spurts influence adult height growth. Continued growth into the mid-20s.\",\"breadcrumb\":{\"@id\":\"https:\/\/llscenter.com\/does-height-increase-after-age-18-until-what-age-does-height-grow\/#breadcrumb\"},\"inLanguage\":\"tr\",\"potentialAction\":[{\"@type\":\"ReadAction\",\"target\":[\"https:\/\/llscenter.com\/does-height-increase-after-age-18-until-what-age-does-height-grow\/\"]}]},{\"@type\":\"ImageObject\",\"inLanguage\":\"tr\",\"@id\":\"https:\/\/llscenter.com\/does-height-increase-after-age-18-until-what-age-does-height-grow\/#primaryimage\",\"url\":\"https:\/\/llscenter.com\/wp-content\/uploads\/2024\/10\/does-height-increase-after-age-18until-what-age-does-height-grow-00.jpg\",\"contentUrl\":\"https:\/\/llscenter.com\/wp-content\/uploads\/2024\/10\/does-height-increase-after-age-18until-what-age-does-height-grow-00.jpg\",\"width\":1000,\"height\":500},{\"@type\":\"BreadcrumbList\",\"@id\":\"https:\/\/llscenter.com\/does-height-increase-after-age-18-until-what-age-does-height-grow\/#breadcrumb\",\"itemListElement\":[{\"@type\":\"ListItem\",\"position\":1,\"name\":\"Anasayfa\",\"item\":\"https:\/\/llscenter.com\/\"},{\"@type\":\"ListItem\",\"position\":2,\"name\":\"Does Height Increase After Age 18? &#8211; Until What Age Does Height Grow?\"}]},{\"@type\":\"WebSite\",\"@id\":\"https:\/\/llscenter.com\/#website\",\"url\":\"https:\/\/llscenter.com\/\",\"name\":\"LLS Center\",\"description\":\"\",\"potentialAction\":[{\"@type\":\"SearchAction\",\"target\":{\"@type\":\"EntryPoint\",\"urlTemplate\":\"https:\/\/llscenter.com\/?s={search_term_string}\"},\"query-input\":{\"@type\":\"PropertyValueSpecification\",\"valueRequired\":true,\"valueName\":\"search_term_string\"}}],\"inLanguage\":\"tr\"},{\"@type\":\"Person\",\"@id\":\"https:\/\/llscenter.com\/#\/schema\/person\/0c81546343315566182df14c4d86f045\",\"name\":\"Sercan YAZAR\",\"url\":\"https:\/\/llscenter.com\/tr\/author\/sercan-yazar\/\"}]}<\/script>\n<!-- \/ Yoast SEO plugin. -->","yoast_head_json":{"title":"Does Height Increase After Age 18? - Until What Age Does Height Grow? - LLS Center","description":"The science behind height increase after age 18. Genetics, nutrition, and late-growth spurts influence adult height growth. Continued growth into the mid-20s.","robots":{"index":"index","follow":"follow","max-snippet":"max-snippet:-1","max-image-preview":"max-image-preview:large","max-video-preview":"max-video-preview:-1"},"canonical":"https:\/\/llscenter.com\/tr\/boy-18-yasindan-sonra-uzar-mi-hangi-yas-boy-uzar\/","og_locale":"tr_TR","og_type":"article","og_title":"Does Height Increase After Age 18? - Until What Age Does Height Grow? - LLS Center","og_description":"The science behind height increase after age 18. Genetics, nutrition, and late-growth spurts influence adult height growth. Continued growth into the mid-20s.","og_url":"https:\/\/llscenter.com\/tr\/boy-18-yasindan-sonra-uzar-mi-hangi-yas-boy-uzar\/","og_site_name":"LLS Center","article_published_time":"2024-11-13T13:20:18+00:00","og_image":[{"width":1000,"height":500,"url":"https:\/\/llscenter.com\/wp-content\/uploads\/2024\/10\/does-height-increase-after-age-18until-what-age-does-height-grow-00.jpg","type":"image\/jpeg"}],"author":"Sercan YAZAR","twitter_card":"summary_large_image","twitter_misc":{"Yazan:":"Sercan YAZAR","Tahmini okuma s\u00fcresi":"14 dakika"},"schema":{"@context":"https:\/\/schema.org","@graph":[{"@type":"WebPage","@id":"https:\/\/llscenter.com\/does-height-increase-after-age-18-until-what-age-does-height-grow\/","url":"https:\/\/llscenter.com\/does-height-increase-after-age-18-until-what-age-does-height-grow\/","name":"Does Height Increase After Age 18? - Until What Age Does Height Grow? - LLS Center","isPartOf":{"@id":"https:\/\/llscenter.com\/#website"},"primaryImageOfPage":{"@id":"https:\/\/llscenter.com\/does-height-increase-after-age-18-until-what-age-does-height-grow\/#primaryimage"},"image":{"@id":"https:\/\/llscenter.com\/does-height-increase-after-age-18-until-what-age-does-height-grow\/#primaryimage"},"thumbnailUrl":"https:\/\/llscenter.com\/wp-content\/uploads\/2024\/10\/does-height-increase-after-age-18until-what-age-does-height-grow-00.jpg","datePublished":"2024-11-13T13:20:18+00:00","author":{"@id":"https:\/\/llscenter.com\/#\/schema\/person\/0c81546343315566182df14c4d86f045"},"description":"The science behind height increase after age 18. Genetics, nutrition, and late-growth spurts influence adult height growth. Continued growth into the mid-20s.","breadcrumb":{"@id":"https:\/\/llscenter.com\/does-height-increase-after-age-18-until-what-age-does-height-grow\/#breadcrumb"},"inLanguage":"tr","potentialAction":[{"@type":"ReadAction","target":["https:\/\/llscenter.com\/does-height-increase-after-age-18-until-what-age-does-height-grow\/"]}]},{"@type":"ImageObject","inLanguage":"tr","@id":"https:\/\/llscenter.com\/does-height-increase-after-age-18-until-what-age-does-height-grow\/#primaryimage","url":"https:\/\/llscenter.com\/wp-content\/uploads\/2024\/10\/does-height-increase-after-age-18until-what-age-does-height-grow-00.jpg","contentUrl":"https:\/\/llscenter.com\/wp-content\/uploads\/2024\/10\/does-height-increase-after-age-18until-what-age-does-height-grow-00.jpg","width":1000,"height":500},{"@type":"BreadcrumbList","@id":"https:\/\/llscenter.com\/does-height-increase-after-age-18-until-what-age-does-height-grow\/#breadcrumb","itemListElement":[{"@type":"ListItem","position":1,"name":"Anasayfa","item":"https:\/\/llscenter.com\/"},{"@type":"ListItem","position":2,"name":"Does Height Increase After Age 18? &#8211; Until What Age Does Height Grow?"}]},{"@type":"WebSite","@id":"https:\/\/llscenter.com\/#website","url":"https:\/\/llscenter.com\/","name":"LLS Center","description":"","potentialAction":[{"@type":"SearchAction","target":{"@type":"EntryPoint","urlTemplate":"https:\/\/llscenter.com\/?s={search_term_string}"},"query-input":{"@type":"PropertyValueSpecification","valueRequired":true,"valueName":"search_term_string"}}],"inLanguage":"tr"},{"@type":"Person","@id":"https:\/\/llscenter.com\/#\/schema\/person\/0c81546343315566182df14c4d86f045","name":"Sercan YAZAR","url":"https:\/\/llscenter.com\/tr\/author\/sercan-yazar\/"}]}},"_links":{"self":[{"href":"https:\/\/llscenter.com\/tr\/wp-json\/wp\/v2\/posts\/858","targetHints":{"allow":["GET"]}}],"collection":[{"href":"https:\/\/llscenter.com\/tr\/wp-json\/wp\/v2\/posts"}],"about":[{"href":"https:\/\/llscenter.com\/tr\/wp-json\/wp\/v2\/types\/post"}],"author":[{"embeddable":true,"href":"https:\/\/llscenter.com\/tr\/wp-json\/wp\/v2\/users\/2"}],"replies":[{"embeddable":true,"href":"https:\/\/llscenter.com\/tr\/wp-json\/wp\/v2\/comments?post=858"}],"version-history":[{"count":4,"href":"https:\/\/llscenter.com\/tr\/wp-json\/wp\/v2\/posts\/858\/revisions"}],"predecessor-version":[{"id":863,"href":"https:\/\/llscenter.com\/tr\/wp-json\/wp\/v2\/posts\/858\/revisions\/863"}],"wp:featuredmedia":[{"embeddable":true,"href":"https:\/\/llscenter.com\/tr\/wp-json\/wp\/v2\/media\/860"}],"wp:attachment":[{"href":"https:\/\/llscenter.com\/tr\/wp-json\/wp\/v2\/media?parent=858"}],"wp:term":[{"taxonomy":"category","embeddable":true,"href":"https:\/\/llscenter.com\/tr\/wp-json\/wp\/v2\/categories?post=858"},{"taxonomy":"post_tag","embeddable":true,"href":"https:\/\/llscenter.com\/tr\/wp-json\/wp\/v2\/tags?post=858"}],"curies":[{"name":"wp","href":"https:\/\/api.w.org\/{rel}","templated":true}]}}