{"id":858,"date":"2024-11-13T16:20:18","date_gmt":"2024-11-13T13:20:18","guid":{"rendered":"https:\/\/llscenter.com\/?p=858"},"modified":"2024-10-10T16:28:20","modified_gmt":"2024-10-10T13:28:20","slug":"does-height-increase-after-age-18-until-what-age-does-height-grow","status":"publish","type":"post","link":"https:\/\/llscenter.com\/ro\/creste-inaltimea-dupa-varsta-18-pana-la-ce-varsta-creste-inaltimea\/","title":{"rendered":"Cre\u0219te \u00een\u0103l\u021bimea dup\u0103 v\u00e2rsta de 18 ani? \u2013 P\u00e2n\u0103 la ce v\u00e2rst\u0103 cre\u0219te \u00een\u0103l\u021bimea?"},"content":{"rendered":"<div data-elementor-type=\"wp-post\" data-elementor-id=\"858\" class=\"elementor elementor-858\" data-elementor-post-type=\"post\">\n\t\t\t\t<div class=\"elementor-element elementor-element-680e118 e-flex e-con-boxed e-con e-parent\" data-id=\"680e118\" data-element_type=\"container\" data-settings=\"{&quot;background_background&quot;:&quot;classic&quot;}\">\n\t\t\t\t\t<div class=\"e-con-inner\">\n\t\t<div class=\"elementor-element elementor-element-90c2d7e e-con-full e-flex e-con e-child\" data-id=\"90c2d7e\" data-element_type=\"container\">\n\t\t\t\t<div class=\"elementor-element elementor-element-a7209eb elementor-widget elementor-widget-heading\" data-id=\"a7209eb\" data-element_type=\"widget\" data-widget_type=\"heading.default\">\n\t\t\t\t<div class=\"elementor-widget-container\">\n\t\t\t<h1 class=\"elementor-heading-title elementor-size-default\">Cre\u0219te \u00een\u0103l\u021bimea dup\u0103 v\u00e2rsta de 18 ani? - P\u00e2n\u0103 la ce v\u00e2rst\u0103 cre\u0219te \u00een\u0103l\u021bimea?<\/h1>\t\t<\/div>\n\t\t\t\t<\/div>\n\t\t\t\t<div class=\"elementor-element elementor-element-f679bd8 elementor-align-center elementor-widget elementor-widget-breadcrumbs\" data-id=\"f679bd8\" data-element_type=\"widget\" data-widget_type=\"breadcrumbs.default\">\n\t\t\t\t<div class=\"elementor-widget-container\">\n\t\t\t<p id=\"breadcrumbs\"><span><span><a href=\"https:\/\/llscenter.com\/ro\/\">Anasayfa<\/a><\/span><\/span><\/p>\t\t<\/div>\n\t\t\t\t<\/div>\n\t\t\t\t<\/div>\n\t\t\t\t\t<\/div>\n\t\t\t\t<\/div>\n\t\t<div class=\"elementor-element elementor-element-6074ec8 e-flex e-con-boxed e-con e-parent\" data-id=\"6074ec8\" data-element_type=\"container\">\n\t\t\t\t\t<div class=\"e-con-inner\">\n\t\t<div class=\"elementor-element elementor-element-8b99d60 e-con-full e-flex e-con e-child\" data-id=\"8b99d60\" data-element_type=\"container\">\n\t\t<div class=\"elementor-element elementor-element-9e6a410 e-con-full e-flex e-con e-child\" data-id=\"9e6a410\" data-element_type=\"container\">\n\t\t\t\t<div class=\"elementor-element elementor-element-9f82247 elementor-widget elementor-widget-image\" data-id=\"9f82247\" data-element_type=\"widget\" data-widget_type=\"image.default\">\n\t\t\t\t<div class=\"elementor-widget-container\">\n\t\t\t\t\t\t\t\t\t\t\t\t\t<img fetchpriority=\"high\" decoding=\"async\" width=\"1000\" height=\"500\" src=\"https:\/\/llscenter.com\/wp-content\/uploads\/2024\/10\/does-height-increase-after-age-18until-what-age-does-height-grow-00.jpg\" class=\"attachment-1536x1536 size-1536x1536 wp-image-860\" alt=\"\" srcset=\"https:\/\/llscenter.com\/wp-content\/uploads\/2024\/10\/does-height-increase-after-age-18until-what-age-does-height-grow-00.jpg 1000w, https:\/\/llscenter.com\/wp-content\/uploads\/2024\/10\/does-height-increase-after-age-18until-what-age-does-height-grow-00-300x150.jpg 300w, https:\/\/llscenter.com\/wp-content\/uploads\/2024\/10\/does-height-increase-after-age-18until-what-age-does-height-grow-00-768x384.jpg 768w, https:\/\/llscenter.com\/wp-content\/uploads\/2024\/10\/does-height-increase-after-age-18until-what-age-does-height-grow-00-18x9.jpg 18w\" sizes=\"(max-width: 1000px) 100vw, 1000px\" \/>\t\t\t\t\t\t\t\t\t\t\t\t\t<\/div>\n\t\t\t\t<\/div>\n\t\t\t\t<div class=\"elementor-element elementor-element-ee5984e elementor-toc--minimized-on-tablet elementor-widget elementor-widget-table-of-contents\" data-id=\"ee5984e\" data-element_type=\"widget\" data-settings=\"{&quot;headings_by_tags&quot;:[&quot;h1&quot;,&quot;h2&quot;,&quot;h3&quot;,&quot;h4&quot;,&quot;h5&quot;,&quot;h6&quot;],&quot;exclude_headings_by_selector&quot;:[],&quot;marker_view&quot;:&quot;numbers&quot;,&quot;minimize_box&quot;:&quot;yes&quot;,&quot;minimized_on&quot;:&quot;tablet&quot;,&quot;hierarchical_view&quot;:&quot;yes&quot;,&quot;min_height&quot;:{&quot;unit&quot;:&quot;px&quot;,&quot;size&quot;:&quot;&quot;,&quot;sizes&quot;:[]},&quot;min_height_tablet&quot;:{&quot;unit&quot;:&quot;px&quot;,&quot;size&quot;:&quot;&quot;,&quot;sizes&quot;:[]},&quot;min_height_mobile&quot;:{&quot;unit&quot;:&quot;px&quot;,&quot;size&quot;:&quot;&quot;,&quot;sizes&quot;:[]}}\" data-widget_type=\"table-of-contents.default\">\n\t\t\t\t<div class=\"elementor-widget-container\">\n\t\t\t\t\t<div class=\"elementor-toc__header\">\n\t\t\t<h4 class=\"elementor-toc__header-title\">\n\t\t\t\tCuprins\t\t\t<\/h4>\n\t\t\t\t\t\t\t<div class=\"elementor-toc__toggle-button elementor-toc__toggle-button--expand\" role=\"button\" tabindex=\"0\" aria-controls=\"elementor-toc__ee5984e\" aria-expanded=\"true\" aria-label=\"Open table of contents\"><svg aria-hidden=\"true\" class=\"e-font-icon-svg e-fas-chevron-down\" viewbox=\"0 0 448 512\" xmlns=\"http:\/\/www.w3.org\/2000\/svg\"><path d=\"M207.029 381.476L12.686 187.132c-9.373-9.373-9.373-24.569 0-33.941l22.667-22.667c9.357-9.357 24.522-9.375 33.901-.04L224 284.505l154.745-154.021c9.379-9.335 24.544-9.317 33.901.04l22.667 22.667c9.373 9.373 9.373 24.569 0 33.941L240.971 381.476c-9.373 9.372-24.569 9.372-33.942 0z\"><\/path><\/svg><\/div>\n\t\t\t\t<div class=\"elementor-toc__toggle-button elementor-toc__toggle-button--collapse\" role=\"button\" tabindex=\"0\" aria-controls=\"elementor-toc__ee5984e\" aria-expanded=\"true\" aria-label=\"Close table of contents\"><svg aria-hidden=\"true\" class=\"e-font-icon-svg e-fas-chevron-up\" viewbox=\"0 0 448 512\" xmlns=\"http:\/\/www.w3.org\/2000\/svg\"><path d=\"M240.971 130.524l194.343 194.343c9.373 9.373 9.373 24.569 0 33.941l-22.667 22.667c-9.357 9.357-24.522 9.375-33.901.04L224 227.495 69.255 381.516c-9.379 9.335-24.544 9.317-33.901-.04l-22.667-22.667c-9.373-9.373-9.373-24.569 0-33.941L207.03 130.525c9.372-9.373 24.568-9.373 33.941-.001z\"><\/path><\/svg><\/div>\n\t\t\t\t\t<\/div>\n\t\t<div id=\"elementor-toc__ee5984e\" class=\"elementor-toc__body\">\n\t\t\t<div class=\"elementor-toc__spinner-container\">\n\t\t\t\t<svg class=\"elementor-toc__spinner eicon-animation-spin e-font-icon-svg e-eicon-loading\" aria-hidden=\"true\" viewbox=\"0 0 1000 1000\" xmlns=\"http:\/\/www.w3.org\/2000\/svg\"><path d=\"M500 975V858C696 858 858 696 858 500S696 142 500 142 142 304 142 500H25C25 237 238 25 500 25S975 237 975 500 763 975 500 975Z\"><\/path><\/svg>\t\t\t<\/div>\n\t\t<\/div>\n\t\t\t\t<\/div>\n\t\t\t\t<\/div>\n\t\t\t\t<div class=\"elementor-element elementor-element-571286d elementor-widget elementor-widget-text-editor\" data-id=\"571286d\" data-element_type=\"widget\" data-widget_type=\"text-editor.default\">\n\t\t\t\t<div class=\"elementor-widget-container\">\n\t\t\t\t\t\t\t<p>\u00cen\u0103l\u021bimea uman\u0103 reprezint\u0103 o tr\u0103s\u0103tur\u0103 complex\u0103 reglementat\u0103 de numero\u0219i factori fiziologici, genetici \u0219i de mediu. Cu toate acestea, cercet\u0103rile sunt surprinz\u0103tor de rare \u00een ceea ce prive\u0219te cursul post-adolescent <strong>cre\u0219terea \u00een\u0103l\u021bimii dup\u0103 v\u00e2rsta de 18 ani<\/strong>, chiar dac\u0103 consecin\u021bele asupra s\u0103n\u0103t\u0103\u021bii \u0219i economice ale \u00een\u0103l\u021bimii inadecvate a adul\u021bilor devin mai clare. Acest articol ofer\u0103 un cadru integrat pentru a \u00een\u021belege mai bine mecanismele, poten\u021bialele tratamente \u0219i consecin\u021bele asupra s\u0103n\u0103t\u0103\u021bii crescute <strong>cre\u0219terea \u00een\u0103l\u021bimii la v\u00e2rsta adult\u0103<\/strong>. \u00cen\u0103l\u021bimea adult\u0103 atins\u0103 este o tr\u0103s\u0103tur\u0103 genetic\u0103 cantitativ\u0103 clasic\u0103, rezultatul interac\u021biunilor complexe \u00eentre numeroase genetice \u0219i de mediu <strong>factori care afecteaz\u0103 cre\u0219terea \u00een\u0103l\u021bimii<\/strong> \u00een timpul dezvolt\u0103rii. Studiile anterioare au eviden\u021biat numeroasele mecanisme prin care oamenii sunt capabili s\u0103 creasc\u0103 \u00een\u0103l\u021bimea \u00een timpul adolescen\u021bei t\u00e2rzii, influen\u021bate \u00een primul r\u00e2nd de hormoni \u0219i de maturarea scheletului. Cu toate acestea, propor\u021biile generale somatice \u0219i apendiculare continu\u0103 s\u0103 se schimbe p\u00e2n\u0103 la mijlocul p\u00e2n\u0103 la sf\u00e2r\u0219itul anilor 20. \u00cen ciuda acestor fenomene de cre\u0219tere clar documentate, literatura despre cre\u0219terea \u00een\u0103l\u021bimii dup\u0103 v\u00e2rsta de 18 ani, dincolo de adolescen\u021b\u0103 \u0219i v\u00e2rsta adult\u0103 timpurie, este rar\u0103 \u0219i nicio surs\u0103 anterioar\u0103 nu a \u00eencercat o sintez\u0103 mecanicist\u0103 cuprinz\u0103toare a proceselor fiziologice care continu\u0103 s\u0103 guverneze. <strong>limita de varsta de crestere in inaltime<\/strong> mult dincolo de \u00eencheierea maturiz\u0103rii scheletice. Raritatea literaturii despre cre\u0219terea tardiv\u0103 dispropor\u021bionat\u0103 \u0219i etica \u00eencerc\u0103rii de interven\u021bii medicale pentru a cre\u0219te \u00een\u0103l\u021bimea adultului au lipsit \u00een mod evident din literatur\u0103. \u00cenainte de aceasta, nu s-a \u00eencercat o sintez\u0103 major\u0103 a diferitelor fenomene din jurul \u00een\u0103l\u021bimii \u0219i dispropor\u021bionalit\u0103\u021bii. Acest articol ofer\u0103 un cadru integrat, bazat pe mecanisme stabilite care continu\u0103 s\u0103 fie influente cu mult dincolo de maturitatea scheletic\u0103, pentru a \u00een\u021belege mai bine culturile \u0219i popula\u021biile \u00een care \u00een\u0103l\u021bimea adultului este probabil s\u0103 fie din ce \u00een ce mai \u00eenalt\u0103, tratamente poten\u021biale \u0219i practici \u00eembun\u0103t\u0103\u021bite de cre\u0219tere pentru a cre\u0219te \u0219i mai mult utilitatea \u00een\u0103l\u021bimii adulte ridicate dincolo de intervalul normal \u0219i consecin\u021bele asupra s\u0103n\u0103t\u0103\u021bii ale schimb\u0103rilor contextuale p\u00e2n\u0103 la ce v\u00e2rst\u0103 cre\u0219te \u00een\u0103l\u021bimea.<\/p>\t\t\t\t\t\t<\/div>\n\t\t\t\t<\/div>\n\t\t\t\t<div class=\"elementor-element elementor-element-64f0b45 elementor-widget elementor-widget-heading\" data-id=\"64f0b45\" data-element_type=\"widget\" data-widget_type=\"heading.default\">\n\t\t\t\t<div class=\"elementor-widget-container\">\n\t\t\t<h2 class=\"elementor-heading-title elementor-size-default\">Care este baza biologic\u0103 a cre\u0219terii \u00een \u00een\u0103l\u021bime?<\/h2>\t\t<\/div>\n\t\t\t\t<\/div>\n\t\t\t\t<div class=\"elementor-element elementor-element-2828120 elementor-widget elementor-widget-text-editor\" data-id=\"2828120\" data-element_type=\"widget\" data-widget_type=\"text-editor.default\">\n\t\t\t\t<div class=\"elementor-widget-container\">\n\t\t\t\t\t\t\t<p>Cre\u0219terea \u00een \u00een\u0103l\u021bime are loc \u00een ciuda efectelor protectoare ale hormonilor steroizi sexuali asupra cartilajului folosind a\u0219a-numitele pl\u0103ci de cre\u0219tere, care sunt zone de cartilaj prezente la capetele oaselor lungi. Aceste pl\u0103ci sunt responsabile pentru asigurarea lungimii oaselor lungi, \u00een special \u00een timpul copil\u0103riei \u0219i adolescen\u021bei c\u00e2nd hormonii sexuali sunt absen\u021bi sau secreta\u021bi \u00een cantit\u0103\u021bi mici. Dup\u0103 o perioad\u0103 de cre\u0219tere, cre\u0219terea \u00een \u00een\u0103l\u021bime se opre\u0219te din cauza \u00eenchiderii acestor pl\u0103ci de cre\u0219tere, care are loc la sf\u00e2r\u0219itul adolescen\u021bei. Aceste pl\u0103ci de cre\u0219tere se \u00eenchid \u00eentr-un model previzibil: mai \u00eent\u00e2i la oasele mici \u0219i mai t\u00e2rziu la oasele mai mari. Dintre oasele mici, oasele degetelor de la picioare sunt primele care \u00eenceteaz\u0103 s\u0103 creasc\u0103 \u00een lungime \u00een timpul adolescen\u021bei, urmate de degetele \u0219i oasele \u00eencheieturii m\u00e2inii. Printre oasele lungi ale corpului, picioarele \u0219i bra\u021bele \u00eenceteaz\u0103 s\u0103 adauge lungime cam \u00een acela\u0219i timp, odat\u0103 cu \u00eenchiderea mai devreme a humerusului la b\u0103rba\u021bi.<\/p><p>\u00centreaga cale de dezvoltare are de obicei \u0219ase etape secven\u021biale, de la f\u0103t\/embrion p\u00e2n\u0103 la adult t\u00e2n\u0103r. Fiecare etap\u0103 este caracterizat\u0103 de urm\u0103torul pas \u00een dezvoltarea osului \u0219i a \u021besuturilor aferente. \u00cen primul r\u00e2nd, cea mai mare parte a cartilajului este transformat\u0103 \u00een os primar slab, care este prea spongios pentru a p\u0103stra o form\u0103. \u00cen urm\u0103toarele trei etape, acest os primar este \u00eent\u0103rit prin ad\u0103ugarea unui al doilea material asem\u0103n\u0103tor osului secretat de celulele osoase situate chiar \u00een afara osului \u00een curs de dezvoltare. Dup\u0103 ce placa de cre\u0219tere \u00eenceteaz\u0103 s\u0103 adauge lungime osului, se transform\u0103 \u00eentr-un os solid. Aceast\u0103 linie continu\u0103 poate fi v\u0103zut\u0103 cu ajutorul echipamentelor cu raze X, dar este mult mai u\u0219or de v\u0103zut \u00een disec\u021bia oaselor. Lungimea oaselor este determinat\u0103 de genetic\u0103, precum \u0219i atribuit\u0103 pl\u0103cii de cre\u0219tere, a\u0219a cum indic\u0103 studiile de familie \u0219i experimentele pe animale. Pe l\u00e2ng\u0103 ace\u0219ti factori biologici de baz\u0103, sf\u00e2r\u0219itul dezvolt\u0103rii epifizare poate fi influen\u021bat \u0219i de <strong>factori care afecteaz\u0103 cre\u0219terea \u00een\u0103l\u021bimii <\/strong>care, singure sau mai des \u00eempreun\u0103, duc la \u00eencetarea cre\u0219terii. Deficien\u021bele nutri\u021bionale, infec\u021biile \u0219i anumite boli sau, \u00een general, bolile endocrine, dac\u0103 se \u00eencadreaz\u0103 \u00een v\u00e2rsta juvenil\u0103, dar uneori \u00een mod specific \u00eentre 10 \u0219i 16 ani, pot influen\u021ba negativ cre\u0219terea, stop\u00e2nd alungirea scheletului \u0219i anticip\u00e2nd eficient fenomenul de \u00eenchidere epifizar\u0103. Exist\u0103, de asemenea, genetice rare <strong>factori care afecteaz\u0103 cre\u0219terea \u00een\u0103l\u021bimii <\/strong>responsabil pentru fuziunea scheletic\u0103 timpurie. La polul opus al cre\u0219terii reduse se afl\u0103 cazul precoceului central<strong> cre\u0219terea \u00een\u0103l\u021bimii dup\u0103 pubertate<\/strong> la fete, care, prin determinarea \u00eenchiderii timpurii a pl\u0103cilor de cre\u0219tere, determin\u0103 intrarea prematur\u0103 \u00een cre\u0219terea \u00een \u00een\u0103l\u021bime dup\u0103 pubertate.<\/p>\t\t\t\t\t\t<\/div>\n\t\t\t\t<\/div>\n\t\t\t\t<div class=\"elementor-element elementor-element-0b9641f elementor-widget elementor-widget-heading\" data-id=\"0b9641f\" data-element_type=\"widget\" data-widget_type=\"heading.default\">\n\t\t\t\t<div class=\"elementor-widget-container\">\n\t\t\t<h2 class=\"elementor-heading-title elementor-size-default\">Ce sunt pl\u0103cile de cre\u0219tere \u0219i \u00eenchiderea epifizar\u0103?<\/h2>\t\t<\/div>\n\t\t\t\t<\/div>\n\t\t\t\t<div class=\"elementor-element elementor-element-dbcaf61 elementor-widget elementor-widget-text-editor\" data-id=\"dbcaf61\" data-element_type=\"widget\" data-widget_type=\"text-editor.default\">\n\t\t\t\t<div class=\"elementor-widget-container\">\n\t\t\t\t\t\t\t<p>Pl\u0103cile de cre\u0219tere sunt \u021besuturi asem\u0103n\u0103toare straturilor care pot fi g\u0103site la capetele unui os lung \u00een cre\u0219tere, cum ar fi un femur, oferindu-i capacitatea de a se alungi.<\/p><p><strong>Ele sunt locul at\u00e2t al condrogenezei, c\u00e2t \u0219i al osteogenezei \u0219i constau din patru zone:<\/strong><\/p><p>(1) zon\u0103 de odihn\u0103, (2) zon\u0103 de proliferare, (3) zon\u0103 hipertrofic\u0103 \u0219i (4) zon\u0103 de osificare.<\/p><p>Zona prim\u0103 este zona de proliferare \u00een care o popula\u021bie de celule r\u0103m\u00e2ne activ\u0103, multiplic\u00e2ndu-se pentru a crea noi celule. Punctele \u00eencep s\u0103 devin\u0103 inactive \u0219i \u00een schimb \u00eencep s\u0103 se m\u0103reasc\u0103, datorit\u0103 nenum\u0103ratelor vacuole mici care converg \u00een altele mai mari. \u00cen consecin\u021b\u0103, pare mai u\u0219oar\u0103 \u0219i este denumit\u0103 spongioza primar\u0103. Procesul prin care o plac\u0103 de cre\u0219tere va alungi un os lung este denumit osificare endocondral\u0103 \u0219i acest proces poate fi repetat de sute de ori, ceea ce \u00eenseamn\u0103 c\u0103 un os lung poate continua s\u0103 se lungeasc\u0103 chiar \u0219i dup\u0103 na\u0219tere. Pl\u0103cile de cre\u0219tere se pot osifica atunci c\u00e2nd un organism este matur.<\/p><p><strong> Acest lucru se \u00eent\u00e2mpl\u0103 atunci c\u00e2nd zonele sunt dup\u0103 cum urmeaz\u0103<\/strong>:<\/p><p><strong>(1) <\/strong>un strat sub\u021bire de cartilaj la cap\u0103tul fizic al osului,<\/p><p><strong>(2)<\/strong> condrocite inactive,<\/p><p><strong>(3) <\/strong>celulele osificante care formeaz\u0103 un bracket metafizar,<\/p><p><strong>(4)<\/strong> o plac\u0103 de osteoblaste care acoper\u0103 zona dintre metafiz\u0103 \u0219i osul epifizar, cunoscut \u0219i sub numele de fenomen de legare.<\/p><p>Pl\u0103cile de cre\u0219tere nu se \u00eenchid toate la un moment dat sau \u00eemb\u0103tr\u00e2nesc \u00een acela\u0219i timp at\u00e2t la b\u0103rba\u021bi, c\u00e2t \u0219i la femei, mai ales c\u00e2nd cre\u0219terea are loc pe o perioad\u0103 larg\u0103 de via\u021b\u0103 \u0219i se acumuleaz\u0103 cantit\u0103\u021bi mari de \u00een\u0103l\u021bime la oameni. \u00cen \u00eentreaga lume, femelele ating \u00een\u0103l\u021bimea adultului mai devreme dec\u00e2t b\u0103rba\u021bii, de\u0219i timpul de sf\u00e2r\u0219it al cre\u0219terii \u00eenainte de maturitate se va baza pe multe <strong>factori care afecteaz\u0103 cre\u0219terea \u00een\u0103l\u021bimii <\/strong>\u0219i probabil diferit pentru indivizii de sex masculin \u0219i feminin. In general, <strong>creste inaltimea dupa 18 ani <\/strong>determinat de poten\u021bialul s\u0103u genetic va depinde de influen\u021bele fizice precum nutri\u021bia \u0219i hormonii. O \u00eent\u00e2rziere a v\u00e2rstei \u00eenchiderii epifizare poate \u00eensemna c\u0103 un os lung va continua s\u0103 se alungeasc\u0103 \u0219i ar putea atinge o lungime mai mare dec\u00e2t media. Participarea puternic\u0103 la sport, care duce la uzura constant\u0103 a zonelor articulare, poate afecta negativ longevitatea pl\u0103cii de cre\u0219tere. Acest lucru se datoreaz\u0103 faptului c\u0103 pl\u0103cile de cre\u0219tere, la fel ca \u0219i alte cartilaje, necesit\u0103 \u00eengrijire \u0219i nutri\u021bie excelente pentru a r\u0103m\u00e2ne s\u0103n\u0103toase. Dac\u0103 o plac\u0103 de cre\u0219tere nu este s\u0103n\u0103toas\u0103, se poate osifica \u0219i se poate \u00eenchide la o v\u00e2rst\u0103 mai fraged\u0103 dec\u00e2t ar fi avut-o dac\u0103 nu ar fi experimentat o utilizare extrem\u0103 \u00een copil\u0103rie sau adult t\u00e2n\u0103r. \u00cen cele din urm\u0103, nu sunt posibile cre\u0219teri suplimentare de \u00een\u0103l\u021bime. Mai mult, deoarece o plac\u0103 de cre\u0219tere este cartilaj, tulbur\u0103rile care afecteaz\u0103 alte cartilaje din corpul uman afecteaz\u0103 cre\u0219terea longitudinal\u0103 normal\u0103 a oaselor lungi la om. Diverse leziuni ale scheletului uman pot duce, de asemenea, la probleme care afecteaz\u0103 \u00een\u0103l\u021bimea din cauza efectelor negative ale pl\u0103cilor de cre\u0219tere. \u00cen cele din urm\u0103, boli precum dezechilibre hormonale, patologii localizate sau anomalii genetice pot afecta negativ poten\u021bialul unui copil de a atinge \u00een\u0103l\u021bimea final\u0103 a unui adult. Aceste tulbur\u0103ri pot afecta, de asemenea, momentul \u00een care toat\u0103 cre\u0219terea osoas\u0103 se va \u00eencheia, c\u00e2nd pl\u0103cile de cre\u0219tere se vor \u00eenchide \u0219i nu va fi posibil\u0103 cre\u0219terea focal\u0103.<\/p>\t\t\t\t\t\t<\/div>\n\t\t\t\t<\/div>\n\t\t\t\t<div class=\"elementor-element elementor-element-416b83c elementor-widget elementor-widget-heading\" data-id=\"416b83c\" data-element_type=\"widget\" data-widget_type=\"heading.default\">\n\t\t\t\t<div class=\"elementor-widget-container\">\n\t\t\t<h2 class=\"elementor-heading-title elementor-size-default\">Care sunt factorii care afecteaz\u0103 cre\u0219terea \u00een \u00een\u0103l\u021bime?<\/h2>\t\t<\/div>\n\t\t\t\t<\/div>\n\t\t\t\t<div class=\"elementor-element elementor-element-d141dc5 elementor-widget elementor-widget-text-editor\" data-id=\"d141dc5\" data-element_type=\"widget\" data-widget_type=\"text-editor.default\">\n\t\t\t\t<div class=\"elementor-widget-container\">\n\t\t\t\t\t\t\t<p>\u00cen\u0103l\u021bimea este determinat\u0103 nu numai de factori genetici, ci este influen\u021bat\u0103 \u0219i de factorii de mediu. \u00cen popula\u021bia general\u0103, \u00een\u0103l\u021bimea adultului este de aproximativ 80% ereditar\u0103, ceea ce \u00eenseamn\u0103 c\u0103 80% din varia\u021bia \u00een\u0103l\u021bimii adul\u021bilor este atribuit\u0103 factorilor genetici. Factorii de ereditabilitate care afecteaz\u0103 cre\u0219terea \u00een\u0103l\u021bimii sunt complec\u0219i, deoarece sunt poligenici, ceea ce \u00eenseamn\u0103 c\u0103 este determinat de o combina\u021bie de gene multiple. \u00cen plus, exist\u0103 numero\u0219i factori non-genetici care interac\u021bioneaz\u0103 \u00een cadrul genei, cum ar fi starea de mediu, socio-economic\u0103 \u0219i starea de s\u0103n\u0103tate, care au un efect direct sau indirect asupra \u00een\u0103l\u021bimii. Pe scurt, nu exist\u0103 nicio \u00eendoial\u0103 c\u0103 genetica joac\u0103 un rol determinant \u00een \u00een\u0103l\u021bimea uman\u0103, dar exist\u0103 multe de mediu <strong>factori care afecteaz\u0103 cre\u0219terea \u00een\u0103l\u021bimii <\/strong>care poate modula expresia cre\u0219terii \u0219i a \u00een\u0103l\u021bimii finale. De fapt, \u00eembun\u0103t\u0103\u021birile condi\u021biilor de via\u021b\u0103 \u0219i ale mediului sunt asociate cu tendin\u021be seculare de cre\u0219tere a \u00een\u0103l\u021bimii.<\/p><p>Statutul socioeconomic \u0219i accesul la servicii de s\u0103n\u0103tate bune pot avea un impact asupra cre\u0219terii fizice a copilului. Venitul mai sc\u0103zut sau s\u0103r\u0103cia \u0219i subocuparea fac dificil accesul la alimente s\u0103n\u0103toase, la asisten\u021b\u0103 medical\u0103 \u0219i la medii sigure pentru a tr\u0103i \u0219i a juca. S\u0103n\u0103tatea precar\u0103 poate \u00eencetini procesul de cre\u0219tere \u0219i poate sc\u0103dea \u00een\u0103l\u021bimea adultului. De\u0219i se estimeaz\u0103 c\u0103 80% de \u00een\u0103l\u021bime este controlat\u0103 de factori genetici, aceasta \u00eenseamn\u0103, de asemenea, c\u0103 factorii de mediu care afecteaz\u0103 cre\u0219terea \u00een\u0103l\u021bimii joac\u0103 un rol foarte important \u00een determinarea 20% de \u00een\u0103l\u021bime r\u0103mas\u0103, deoarece exist\u0103 o interac\u021biune \u00eentre gene \u0219i mediu \u00een determinarea fenotipului. Nutri\u021bia, \u00een special vitamina A, vitamina D, zinc \u0219i proteine, este probabil cel mai important factor non-genetic. Mai mult, alte elemente alimentare precum calciul \u0219i acizii gra\u0219i omega-3 suficienti pot afecta direct cre\u0219terea oaselor. Cre\u0219terea longitudinal\u0103 este invers legat\u0103 de con\u021binutul total de acizi gra\u0219i n-6 din diet\u0103. Alegerile stilului de via\u021b\u0103, cum ar fi tiparele de somn \u0219i cantitatea \u0219i tipul de activit\u0103\u021bi fizice \u0219i exerci\u021bii fizice pot afecta, de asemenea, cre\u0219terea. Copiii care nu se odihnesc suficient de \u00eenalt\u0103 calitate pot cre\u0219te mai pu\u021bin dec\u00e2t copiii care dorm suficient.<\/p>\t\t\t\t\t\t<\/div>\n\t\t\t\t<\/div>\n\t\t\t\t<div class=\"elementor-element elementor-element-fc4537a elementor-widget elementor-widget-heading\" data-id=\"fc4537a\" data-element_type=\"widget\" data-widget_type=\"heading.default\">\n\t\t\t\t<div class=\"elementor-widget-container\">\n\t\t\t<h2 class=\"elementor-heading-title elementor-size-default\">Cum afecteaz\u0103 genetica cre\u0219terea \u00een \u00een\u0103l\u021bime?<\/h2>\t\t<\/div>\n\t\t\t\t<\/div>\n\t\t\t\t<div class=\"elementor-element elementor-element-f3416ce elementor-widget elementor-widget-text-editor\" data-id=\"f3416ce\" data-element_type=\"widget\" data-widget_type=\"text-editor.default\">\n\t\t\t\t<div class=\"elementor-widget-container\">\n\t\t\t\t\t\t\t<p>Nutri\u021bia a fost mult timp considerat\u0103 critic\u0103 \u00een procesul de cre\u0219tere a \u00een\u0103l\u021bimii. Este important de la na\u0219tere p\u00e2n\u0103 la maturitate, la fel cum alimenta\u021bia unui sugar are o importan\u021b\u0103 capital\u0103 pentru cre\u0219terea copilului, care poate persista \u00een anii urm\u0103tori. Cre\u0219terea copilului este influen\u021bat\u0103 \u00een primul r\u00e2nd de aportul de energie \u0219i proteine, precum \u0219i de vitamine \u0219i minerale adecvate pentru a asigura o bun\u0103 dezvoltare a corpului \u0219i, \u00een special, a oaselor copiilor. Proteinele \u0219i aminoacizii esen\u021biali sub form\u0103 de ou\u0103 \u0219i lapte sunt \u00een principal importan\u021bi pentru o bun\u0103 absorb\u021bie a calciului. Vitaminele \u0219i mineralele esen\u021biale sus\u021bin \u0219i regleaz\u0103, de asemenea, formarea oaselor \u0219i multe procese fiziologice din organism. Prin urmare, copiii ar trebui s\u0103 beneficieze de o alimenta\u021bie adecvat\u0103 pe parcursul anilor de cre\u0219tere printr-o diet\u0103 echilibrat\u0103. Nutrien\u021bii deosebit de importan\u021bi pentru cre\u0219terea de la copil\u0103rie p\u00e2n\u0103 la v\u00e2rsta de 18 ani includ proteine, calciu, fosfor, vitamina D \u0219i zinc. Aportul sc\u0103zut de calciu este adesea asociat cu mineralizarea osoas\u0103 afectat\u0103 \u0219i un risc mai sc\u0103zut de rahitism nutri\u021bional. Vitamina D contribuie la absorb\u021bia calciului \u00een intestinul sub\u021bire \u0219i la homeostazia oaselor la orice v\u00e2rst\u0103. \u00cen plus, nivelurile de vitamina D fluctueaz\u0103 sezonier, cu cele mai ridicate niveluri la sf\u00e2r\u0219itul verii \u0219i cele mai sc\u0103zute niveluri la sf\u00e2r\u0219itul iernii. Din acest motiv, deficien\u021ba prelungit\u0103 \u00een timpul copil\u0103riei cre\u0219te riscul de rahitism preexistent. Consumul de cafea \u0219i cofein\u0103 poate sc\u0103dea absorb\u021bia de calciu, dar dac\u0103 aportul de calciu este adecvat, efectul aportului alimentar de cafea \u0219i cofein\u0103 asupra metabolismului calciului este minim. Obiceiurile alimentare la \u00eenceputul vie\u021bii nu sunt doar factori determinan\u021bi uria\u0219i a s\u0103n\u0103t\u0103\u021bii, ci formeaz\u0103 \u0219i baza s\u0103n\u0103t\u0103\u021bii la v\u00e2rsta adult\u0103. Un num\u0103r mare de studii au descris rela\u021bia dintre malnutri\u021bie \u0219i cre\u0219terea \u00eent\u00e2rziat\u0103.<\/p>\t\t\t\t\t\t<\/div>\n\t\t\t\t<\/div>\n\t\t\t\t<div class=\"elementor-element elementor-element-cebf1b5 elementor-widget elementor-widget-heading\" data-id=\"cebf1b5\" data-element_type=\"widget\" data-widget_type=\"heading.default\">\n\t\t\t\t<div class=\"elementor-widget-container\">\n\t\t\t<h2 class=\"elementor-heading-title elementor-size-default\">Cum influen\u021beaz\u0103 nutri\u021bia \u0219i dieta cre\u0219terea \u00een \u00een\u0103l\u021bime?<\/h2>\t\t<\/div>\n\t\t\t\t<\/div>\n\t\t\t\t<div class=\"elementor-element elementor-element-995272f elementor-widget elementor-widget-text-editor\" data-id=\"995272f\" data-element_type=\"widget\" data-widget_type=\"text-editor.default\">\n\t\t\t\t<div class=\"elementor-widget-container\">\n\t\t\t\t\t\t\t<p>Nutri\u021bia a fost mult timp considerat\u0103 critic\u0103 \u00een procesul de cre\u0219tere a \u00een\u0103l\u021bimii. Este important de la na\u0219tere p\u00e2n\u0103 la maturitate, la fel cum alimenta\u021bia unui sugar are o importan\u021b\u0103 capital\u0103 pentru cre\u0219terea copilului, care poate persista \u00een anii urm\u0103tori. Cre\u0219terea copilului este influen\u021bat\u0103 \u00een primul r\u00e2nd de aportul de energie \u0219i proteine, precum \u0219i de vitamine \u0219i minerale adecvate pentru a asigura o bun\u0103 dezvoltare a corpului \u0219i, \u00een special, a oaselor copiilor. Proteinele \u0219i aminoacizii esen\u021biali sub form\u0103 de ou\u0103 \u0219i lapte sunt \u00een principal importan\u021bi pentru o bun\u0103 absorb\u021bie a calciului. Vitaminele \u0219i mineralele esen\u021biale sus\u021bin \u0219i regleaz\u0103, de asemenea, formarea oaselor \u0219i multe procese fiziologice din organism. Prin urmare, copiii ar trebui s\u0103 beneficieze de o alimenta\u021bie adecvat\u0103 pe parcursul anilor de cre\u0219tere printr-o diet\u0103 echilibrat\u0103. Nutrien\u021bii deosebit de importan\u021bi pentru cre\u0219terea de la copil\u0103rie p\u00e2n\u0103 la v\u00e2rsta de 18 ani includ proteine, calciu, fosfor, vitamina D \u0219i zinc. Aportul sc\u0103zut de calciu este adesea asociat cu mineralizarea osoas\u0103 afectat\u0103 \u0219i un risc mai sc\u0103zut de rahitism nutri\u021bional. Vitamina D contribuie la absorb\u021bia calciului \u00een intestinul sub\u021bire \u0219i la homeostazia oaselor la orice v\u00e2rst\u0103. \u00cen plus, nivelurile de vitamina D fluctueaz\u0103 sezonier, cu cele mai ridicate niveluri la sf\u00e2r\u0219itul verii \u0219i cele mai sc\u0103zute niveluri la sf\u00e2r\u0219itul iernii. Din acest motiv, deficien\u021ba prelungit\u0103 \u00een timpul copil\u0103riei cre\u0219te riscul de rahitism preexistent. Consumul de cafea \u0219i cofein\u0103 poate sc\u0103dea absorb\u021bia de calciu, dar dac\u0103 aportul de calciu este adecvat, efectul aportului alimentar de cafea \u0219i cofein\u0103 asupra metabolismului calciului este minim. Obiceiurile alimentare la \u00eenceputul vie\u021bii nu sunt doar factori determinan\u021bi uria\u0219i a s\u0103n\u0103t\u0103\u021bii, ci formeaz\u0103 \u0219i baza s\u0103n\u0103t\u0103\u021bii la v\u00e2rsta adult\u0103. Un num\u0103r mare de studii au descris rela\u021bia dintre malnutri\u021bie \u0219i cre\u0219terea \u00eent\u00e2rziat\u0103.<\/p>\t\t\t\t\t\t<\/div>\n\t\t\t\t<\/div>\n\t\t\t\t<div class=\"elementor-element elementor-element-37dadba elementor-widget elementor-widget-heading\" data-id=\"37dadba\" data-element_type=\"widget\" data-widget_type=\"heading.default\">\n\t\t\t\t<div class=\"elementor-widget-container\">\n\t\t\t<h2 class=\"elementor-heading-title elementor-size-default\">Ce sunt exploziile t\u00e2rzii de cre\u0219tere?<\/h2>\t\t<\/div>\n\t\t\t\t<\/div>\n\t\t\t\t<div class=\"elementor-element elementor-element-42c5377 elementor-widget elementor-widget-text-editor\" data-id=\"42c5377\" data-element_type=\"widget\" data-widget_type=\"text-editor.default\">\n\t\t\t\t<div class=\"elementor-widget-container\">\n\t\t\t\t\t\t\t<p>\u00cen ultimii ani, mul\u021bi adul\u021bi prezint\u0103 semne de cre\u0219tere care sunt \u00een mod tradi\u021bional asociate cu cre\u0219terea \u00een a doua decad\u0103. Benzile de fibre musculare, vizibile la nivelul femurului, si prezenta tesutului adipos simplu din maduva osoasa confirma aceasta crestere, alaturi de observarea clinica a cresterii progresive la nivelul extremitatilor. Adul\u021bii din ultimele decenii au pu\u0219onul de cre\u0219tere la v\u00e2rsta de 20, sau chiar 24 de ani, este ceva frecvent \u0219i u\u0219or de perceput de c\u0103tre pacient c\u00e2nd p\u0103r\u0103sesc copil\u0103ria \u0219i cre\u0219terea \u00een \u00een\u0103l\u021bime dup\u0103 pubertate. Ele \u00eenc\u0103 cresc. Pentru clinicienii cu o oarecare experien\u021b\u0103 \u00een practic\u0103, cre\u0219terea \u00een\u0103l\u021bimii de-a lungul \u0219i \u00een anii dou\u0103zeci este u\u0219or dovedit\u0103 prin m\u0103sur\u0103torile \u00een\u0103l\u021bimii \u0219i confirmat\u0103 prin analiza datelor calculate la care se auto-adapt\u0103 la orice curb\u0103 aplicat\u0103 vitezelor de cre\u0219tere pe care le prezint\u0103.<\/p><p>Conceptele statistice care exploreaz\u0103 \u0219i coroboreaz\u0103 cre\u0219terea cu modele de curb\u0103 \u00een form\u0103 de S, viteze de cre\u0219tere, v\u00e2rfuri de cre\u0219tere sau contraste de faz\u0103, \u00een prima, a doua \u0219i a treia faz\u0103 de cre\u0219tere \u0219i baza fiziologic\u0103 pentru aceste concepte, nu au fost \u00eenc\u0103 \u00eencorporate \u00een chestionarele clinice \u0219i nu sunt prioritizate \u00een nicio examinare, inclusiv studii de fiziopatologie, protocoale de urm\u0103rire \u0219i aspecte terapeutice. Ca urmare, atingerea \u00een\u0103l\u021bimii \u00een ultimul quartil la adul\u021bii tineri este \u00eenc\u0103 limitat\u0103 la percep\u021bia celor mai experimenta\u021bi, care interpreteaz\u0103 <strong>limita de varsta de crestere in inaltime<\/strong> Pacien\u021bi cu v\u00e2rsta \u00eentre 20 \u0219i 24 de ani cu u\u0219urin\u021b\u0103, lipsi\u021bi de date clinice precise \u0219i principii fiziopatologice care aduc cre\u0219tere la aceast\u0103 grup\u0103 de v\u00e2rst\u0103. Toate aceste dovezi simple, at\u00e2t clinice, c\u00e2t \u0219i fiziologice, precum \u0219i evaluarea metodic\u0103 a variabilit\u0103\u021bii pot oferi implica\u021bii importante pentru obiceiuri, reguli de cre\u0219tere, atitudini \u0219i a\u0219tept\u0103ri asociate cu etapele ulterioare ale cre\u0219terii.<\/p>\t\t\t\t\t\t<\/div>\n\t\t\t\t<\/div>\n\t\t\t\t<div class=\"elementor-element elementor-element-b34830f elementor-widget elementor-widget-heading\" data-id=\"b34830f\" data-element_type=\"widget\" data-widget_type=\"heading.default\">\n\t\t\t\t<div class=\"elementor-widget-container\">\n\t\t\t<h2 class=\"elementor-heading-title elementor-size-default\">Care este cauza exploziilor t\u00e2rzii de cre\u0219tere?<\/h2>\t\t<\/div>\n\t\t\t\t<\/div>\n\t\t\t\t<div class=\"elementor-element elementor-element-d238d25 elementor-widget elementor-widget-text-editor\" data-id=\"d238d25\" data-element_type=\"widget\" data-widget_type=\"text-editor.default\">\n\t\t\t\t<div class=\"elementor-widget-container\">\n\t\t\t\t\t\t\t<p>\u00cen prezent, acest fenomen este cunoscut sub numele de \u201e<strong>cre\u0219terea \u00een\u0103l\u021bimii la v\u00e2rsta adult\u0103<\/strong>\u201d, \u0219i este posibil s\u0103 se fac\u0103 interven\u021bii eficiente la adul\u021bi pentru a promova un c\u00e2\u0219tig de centimetri. Dar cum este definit acest fenomen \u0219i <strong>creste inaltimea dupa 18 ani<\/strong>? Definitia lui <strong>cre\u0219terea \u00een\u0103l\u021bimii la v\u00e2rsta adult\u0103<\/strong> se bazeaz\u0103 \u00een totalitate pe cunoa\u015fterea structurii anatomice a oaselor. Aceast\u0103 cunoa\u0219tere este posibil\u0103 deoarece oasele sunt organe complexe care con\u021bin numeroase celule \u0219i \u021besuturi \u0219i au o structur\u0103 foarte specific\u0103. Odat\u0103 cu \u00eemb\u0103tr\u00e2nirea, propriet\u0103\u021bile morfologice ale oaselor sunt extrem de sensibile la semnalele interne \u0219i externe, iar aceste caracteristici intrinseci pot influen\u021ba direct \u00een\u0103l\u021bimea. Cre\u0219terea \u00een \u00een\u0103l\u021bime la v\u00e2rsta adult\u0103 se datoreaz\u0103 a trei procese care pot ac\u021biona izolat sau consecutiv: timpul de calcificare a epifizei \u0219i medie mai mic\u0103 de calcificare, rata de recre\u0219tere a discului \u0219i grosimea trabecular\u0103 a osului calcificat.<\/p><p>\u00cen ceea ce prive\u0219te explica\u021bia biologic\u0103 a adultului <strong>limita de varsta de crestere in inaltime<\/strong>, s-a demonstrat c\u0103 ceea ce se \u00eent\u00e2mpl\u0103 \u00een placa epifizar\u0103 de-a lungul vie\u021bii unui om este foarte dinamic. Cartilajele epifizare la adul\u021bi primesc semnale precum o matrice extracelular\u0103 \u0219i factori de cre\u0219tere care pot ac\u021biona asupra zonei de proliferare, facilit\u00e2nd alungirea \u0219i diviziunea celular\u0103. \u00cen plus, prezen\u021ba celulelor mezenchimale active nu numai c\u0103 poate ajuta la aceste dou\u0103 procese, dar, atunci c\u00e2nd este stimulat\u0103, poate produce un nou \u021besut de cartilaj, f\u0103c\u00e2nd placa epifizar\u0103 mai groas\u0103. Prin aceste celule noi produse \u00een aceast\u0103 por\u021biune proliferativ\u0103 care echivaleaz\u0103 cu vechile valori ale zonelor proliferative \u0219i hipertrofice, placa epifizar\u0103 poate fi rediferen\u021biat\u0103 \u00een zona de cre\u0219tere. \u00cen aceast\u0103 nou\u0103 zon\u0103 de cre\u0219tere, o nou\u0103 coloan\u0103 de condrocite poate ap\u0103rea \u0219i poate fi rapid calcificat\u0103, form\u00e2nd o nou\u0103 parte a regiunii epifizare \u0219i cresc\u00e2nd \u00een\u0103l\u021bimea organismului.<\/p>\t\t\t\t\t\t<\/div>\n\t\t\t\t<\/div>\n\t\t\t\t<div class=\"elementor-element elementor-element-e56d0c3 elementor-widget elementor-widget-heading\" data-id=\"e56d0c3\" data-element_type=\"widget\" data-widget_type=\"heading.default\">\n\t\t\t\t<div class=\"elementor-widget-container\">\n\t\t\t<h3 class=\"elementor-heading-title elementor-size-default\">Concluzie<\/h3>\t\t<\/div>\n\t\t\t\t<\/div>\n\t\t\t\t<div class=\"elementor-element elementor-element-8ba0692 elementor-widget elementor-widget-text-editor\" data-id=\"8ba0692\" data-element_type=\"widget\" data-widget_type=\"text-editor.default\">\n\t\t\t\t<div class=\"elementor-widget-container\">\n\t\t\t\t\t\t\t<p>\u00cen concluzie, aceast\u0103 prezentare general\u0103 a proceselor multicelulare care stau la baza cre\u0219terii preadulte \u0219i adulte subliniaz\u0103 faptul c\u0103 subiectul r\u0103m\u00e2ne important. Diferen\u021bele interindividuale de cre\u0219tere sunt profunde, interpretate folosind o varietate de metode. Recent a fost exprimat\u0103 importan\u021ba unei investiga\u021bii sporite asupra acestui proces, \u00een special \u00een ceea ce prive\u0219te s\u0103n\u0103tatea \u0219i nutri\u021bia, sus\u021bin\u00e2nd pozi\u021bia noastr\u0103.<\/p><p>Pe baza analizei noastre detaliate a cre\u0219terii \u0219i dezvolt\u0103rii \u00een\u0103l\u021bimii umane, pot fi derivate o serie de constat\u0103ri cheie:<\/p><p>\u00a0\u2013 Genetica este de o importan\u021b\u0103 capital\u0103 pentru a determina c\u00e2t de \u00eenalt cre\u0219te un individ \u0219i c\u00e2t de repede are loc cre\u0219terea.<\/p><p>\u2013 Nutri\u021bia este un motor principal al cre\u0219terii \u0219i <strong>pu\u015fete t\u00e2rzii de cre\u015ftere<\/strong> care poate duce la o statur\u0103 mai \u00eenalt\u0103 la v\u00e2rsta adult\u0103 dincolo de a\u0219tept\u0103rile genetice.<\/p><p>\u2013 Reglarea \u0219i integrarea eficient\u0103 a proceselor de promovare a cre\u0219terii, precum \u0219i semnalele hormonale \u0219i biologice pe care se bazeaz\u0103, joac\u0103 un rol semnificativ \u00een capacitatea unei persoane de a cre\u0219te p\u00e2n\u0103 la v\u00e2rsta adult\u0103 \u0219i b\u0103tr\u00e2ne\u021be.<\/p><p>\u2013 Uneori, \u00een stadiul de dezvoltare, pot ap\u0103rea crize de cre\u0219tere, b\u0103rba\u021bii se confrunt\u0103 adesea <strong>pana la ce varsta creste inaltimea <\/strong>\u00een jur de 18-19 ani, rezult\u00e2nd \u00een\u0103l\u021bimea lor \u00een cre\u0219tere p\u00e2n\u0103 la dou\u0103zeci de ani.<\/p><p>\u2013 Pot fi observate excep\u021bii, indivizii c\u00e2\u0219tig\u00e2nd uneori \u00een\u0103l\u021bime dincolo de poten\u021bialul lor genetic pe parcursul deceniilor a treia \u0219i uneori a patra.<\/p><p>\u2013 S\u0103n\u0103tatea general\u0103, \u00een special starea nutri\u021bional\u0103 \u0219i existen\u021ba bolii, influen\u021beaz\u0103 semnificativ capacitatea unui individ de a cre\u0219te \u00een stadiul actual al vie\u021bii, care poate fi prelungit\u0103 p\u00e2n\u0103 t\u00e2rziu <strong>cre\u0219terea \u00een\u0103l\u021bimii dup\u0103 pubertate<\/strong> \u0219i chiar la v\u00e2rsta adult\u0103 dac\u0103 se ob\u021bine o s\u0103n\u0103tate adecvat\u0103.<\/p><p>&#8211; <strong>Cre\u0219tere tardiv\u0103<\/strong> mai aproape de v\u00e2rsta adult\u0103 (definit\u0103 ca fiind peste 20 de ani) sunt semnificativ mai rare dec\u00e2t sugereaz\u0103 credin\u021bele \u0219i dovezile anecdotice. Cu toate acestea, exist\u0103 lacune semnificative \u00een cuno\u0219tin\u021bele actuale ale cercet\u0103rii, care explic\u0103 \u00eentr-un fel de ce impactul, amploarea \u0219i influen\u021bele asupra cre\u0219terii \u00een\u0103l\u021bimii adul\u021bilor sunt \u00een prezent prost \u00een\u021belese. Datele disponibile sunt \u00een mare m\u0103sur\u0103 descriptive \u0219i ofer\u0103 pu\u021bine despre prevalen\u021ba sau impulsurile moleculare \u0219i genetice ale dezvolt\u0103rii anormale a staturii \u00een cea mai larg\u0103 durat\u0103 de via\u021b\u0103 a adultului, nici modific\u0103ri mai subtile care conspir\u0103 de-a lungul duratei de via\u021b\u0103 pentru a determina \u00een\u0103l\u021bimea noastr\u0103 final\u0103 uman\u0103.<\/p><p>Recomand\u0103rile pentru cercet\u0103ri viitoare includ:<\/p><p>\u2013 Studierea sau adunarea \u0219i analiza seturilor de date de cohort\u0103 cu o gam\u0103 larg\u0103 de v\u00e2rst\u0103, \u00een care sunt luate m\u0103suri fiabile ale \u00een\u0103l\u021bimii exacte \u0219i momentele de timp ale acestei m\u0103sur\u0103tori.<\/p><p>\u2013 Identificarea influen\u021belor \u0219i predictorilor varia\u021biei de statur\u0103 \u00een via\u021ba ulterioar\u0103, inclusiv nutri\u021bia, statutul socio-economic \u0219i boala cronic\u0103 major\u0103.<\/p><p>\u2013 Investigarea corela\u021biilor \u0219i interac\u021biunilor dintre capacitatea \u0219i stimulii de \u00eembog\u0103\u021bire de a cre\u0219te \u00een\u0103l\u021bimea postnatal\u0103 \u0219i inciden\u021ba unor afec\u021biuni precum osteoartrita \u0219i bolile cardiovasculare.<\/p><p>\u00a0<\/p>\t\t\t\t\t\t<\/div>\n\t\t\t\t<\/div>\n\t\t\t\t<\/div>\n\t\t\t\t<\/div>\n\t\t\t\t\t<\/div>\n\t\t\t\t<\/div>\n\t\t<div class=\"elementor-element elementor-element-9bcdde5 e-flex e-con-boxed e-con e-parent\" data-id=\"9bcdde5\" data-element_type=\"container\">\n\t\t\t\t\t<div class=\"e-con-inner\">\n\t\t<div class=\"elementor-element elementor-element-664766f e-con-full e-flex e-con e-child\" data-id=\"664766f\" data-element_type=\"container\">\n\t\t\t\t<div class=\"elementor-element elementor-element-f8cca20 elementor-post-navigation-borders-yes elementor-widget elementor-widget-post-navigation\" data-id=\"f8cca20\" data-element_type=\"widget\" data-widget_type=\"post-navigation.default\">\n\t\t\t\t<div class=\"elementor-widget-container\">\n\t\t\t\t\t<div class=\"elementor-post-navigation\">\n\t\t\t<div class=\"elementor-post-navigation__prev elementor-post-navigation__link\">\n\t\t\t\t<a href=\"https:\/\/llscenter.com\/ro\/este-inaltime-extensie-operatie-riscoasa-sau-sigura\/\" rel=\"prev\"><span class=\"post-navigation__arrow-wrapper post-navigation__arrow-prev\"><i class=\"fa fa-chevron-left\" aria-hidden=\"true\"><\/i><span class=\"elementor-screen-only\">Prev<\/span><\/span><span class=\"elementor-post-navigation__link__prev\"><span class=\"post-navigation__prev--label\">Anterior<\/span><span class=\"post-navigation__prev--title\">Este opera\u021bia de extindere a \u00een\u0103l\u021bimii: riscant\u0103 sau sigur\u0103?<\/span><\/span><\/a>\t\t\t<\/div>\n\t\t\t\t\t\t\t<div class=\"elementor-post-navigation__separator-wrapper\">\n\t\t\t\t\t<div class=\"elementor-post-navigation__separator\"><\/div>\n\t\t\t\t<\/div>\n\t\t\t\t\t\t<div class=\"elementor-post-navigation__next elementor-post-navigation__link\">\n\t\t\t\t\t\t\t<\/div>\n\t\t<\/div>\n\t\t\t\t<\/div>\n\t\t\t\t<\/div>\n\t\t\t\t<\/div>\n\t\t\t\t\t<\/div>\n\t\t\t\t<\/div>\n\t\t\t\t<\/div>","protected":false},"excerpt":{"rendered":"<p>Descoperi\u021bi opera\u021bia de prelungire a membrelor, inclusiv tehnici, procesul de recuperare \u0219i costuri. Afla\u021bi cum aceast\u0103 interven\u021bie chirurgical\u0103 poate \u00eembun\u0103t\u0103\u021bi calitatea vie\u021bii.<\/p>","protected":false},"author":2,"featured_media":860,"comment_status":"closed","ping_status":"open","sticky":false,"template":"elementor_header_footer","format":"standard","meta":{"footnotes":""},"categories":[1],"tags":[],"class_list":["post-858","post","type-post","status-publish","format-standard","has-post-thumbnail","hentry","category-genel"],"yoast_head":"<!-- This site is optimized with the Yoast SEO plugin v26.2 - https:\/\/yoast.com\/wordpress\/plugins\/seo\/ -->\n<title>Does Height Increase After Age 18? - Until What Age Does Height Grow? - LLS Center<\/title>\n<meta name=\"description\" content=\"The science behind height increase after age 18. Genetics, nutrition, and late-growth spurts influence adult height growth. Continued growth into the mid-20s.\" \/>\n<meta name=\"robots\" content=\"index, follow, max-snippet:-1, max-image-preview:large, max-video-preview:-1\" \/>\n<link rel=\"canonical\" href=\"https:\/\/llscenter.com\/ro\/creste-inaltimea-dupa-varsta-18-pana-la-ce-varsta-creste-inaltimea\/\" \/>\n<meta property=\"og:locale\" content=\"ro_RO\" \/>\n<meta property=\"og:type\" content=\"article\" \/>\n<meta property=\"og:title\" content=\"Does Height Increase After Age 18? - Until What Age Does Height Grow? - LLS Center\" \/>\n<meta property=\"og:description\" content=\"The science behind height increase after age 18. Genetics, nutrition, and late-growth spurts influence adult height growth. Continued growth into the mid-20s.\" \/>\n<meta property=\"og:url\" content=\"https:\/\/llscenter.com\/ro\/creste-inaltimea-dupa-varsta-18-pana-la-ce-varsta-creste-inaltimea\/\" \/>\n<meta property=\"og:site_name\" content=\"LLS Center\" \/>\n<meta property=\"article:published_time\" content=\"2024-11-13T13:20:18+00:00\" \/>\n<meta property=\"og:image\" content=\"https:\/\/llscenter.com\/wp-content\/uploads\/2024\/10\/does-height-increase-after-age-18until-what-age-does-height-grow-00.jpg\" \/>\n\t<meta property=\"og:image:width\" content=\"1000\" \/>\n\t<meta property=\"og:image:height\" content=\"500\" \/>\n\t<meta property=\"og:image:type\" content=\"image\/jpeg\" \/>\n<meta name=\"author\" content=\"Sercan YAZAR\" \/>\n<meta name=\"twitter:card\" content=\"summary_large_image\" \/>\n<meta name=\"twitter:label1\" content=\"Scris de\" \/>\n\t<meta name=\"twitter:data1\" content=\"Sercan YAZAR\" \/>\n\t<meta name=\"twitter:label2\" content=\"Timp estimat pentru citire\" \/>\n\t<meta name=\"twitter:data2\" content=\"14 minute\" \/>\n<script type=\"application\/ld+json\" class=\"yoast-schema-graph\">{\"@context\":\"https:\/\/schema.org\",\"@graph\":[{\"@type\":\"WebPage\",\"@id\":\"https:\/\/llscenter.com\/does-height-increase-after-age-18-until-what-age-does-height-grow\/\",\"url\":\"https:\/\/llscenter.com\/does-height-increase-after-age-18-until-what-age-does-height-grow\/\",\"name\":\"Does Height Increase After Age 18? - Until What Age Does Height Grow? - LLS Center\",\"isPartOf\":{\"@id\":\"https:\/\/llscenter.com\/#website\"},\"primaryImageOfPage\":{\"@id\":\"https:\/\/llscenter.com\/does-height-increase-after-age-18-until-what-age-does-height-grow\/#primaryimage\"},\"image\":{\"@id\":\"https:\/\/llscenter.com\/does-height-increase-after-age-18-until-what-age-does-height-grow\/#primaryimage\"},\"thumbnailUrl\":\"https:\/\/llscenter.com\/wp-content\/uploads\/2024\/10\/does-height-increase-after-age-18until-what-age-does-height-grow-00.jpg\",\"datePublished\":\"2024-11-13T13:20:18+00:00\",\"author\":{\"@id\":\"https:\/\/llscenter.com\/#\/schema\/person\/0c81546343315566182df14c4d86f045\"},\"description\":\"The science behind height increase after age 18. Genetics, nutrition, and late-growth spurts influence adult height growth. Continued growth into the mid-20s.\",\"breadcrumb\":{\"@id\":\"https:\/\/llscenter.com\/does-height-increase-after-age-18-until-what-age-does-height-grow\/#breadcrumb\"},\"inLanguage\":\"ro-RO\",\"potentialAction\":[{\"@type\":\"ReadAction\",\"target\":[\"https:\/\/llscenter.com\/does-height-increase-after-age-18-until-what-age-does-height-grow\/\"]}]},{\"@type\":\"ImageObject\",\"inLanguage\":\"ro-RO\",\"@id\":\"https:\/\/llscenter.com\/does-height-increase-after-age-18-until-what-age-does-height-grow\/#primaryimage\",\"url\":\"https:\/\/llscenter.com\/wp-content\/uploads\/2024\/10\/does-height-increase-after-age-18until-what-age-does-height-grow-00.jpg\",\"contentUrl\":\"https:\/\/llscenter.com\/wp-content\/uploads\/2024\/10\/does-height-increase-after-age-18until-what-age-does-height-grow-00.jpg\",\"width\":1000,\"height\":500},{\"@type\":\"BreadcrumbList\",\"@id\":\"https:\/\/llscenter.com\/does-height-increase-after-age-18-until-what-age-does-height-grow\/#breadcrumb\",\"itemListElement\":[{\"@type\":\"ListItem\",\"position\":1,\"name\":\"Anasayfa\",\"item\":\"https:\/\/llscenter.com\/\"},{\"@type\":\"ListItem\",\"position\":2,\"name\":\"Does Height Increase After Age 18? &#8211; Until What Age Does Height Grow?\"}]},{\"@type\":\"WebSite\",\"@id\":\"https:\/\/llscenter.com\/#website\",\"url\":\"https:\/\/llscenter.com\/\",\"name\":\"LLS Center\",\"description\":\"\",\"potentialAction\":[{\"@type\":\"SearchAction\",\"target\":{\"@type\":\"EntryPoint\",\"urlTemplate\":\"https:\/\/llscenter.com\/?s={search_term_string}\"},\"query-input\":{\"@type\":\"PropertyValueSpecification\",\"valueRequired\":true,\"valueName\":\"search_term_string\"}}],\"inLanguage\":\"ro-RO\"},{\"@type\":\"Person\",\"@id\":\"https:\/\/llscenter.com\/#\/schema\/person\/0c81546343315566182df14c4d86f045\",\"name\":\"Sercan YAZAR\",\"url\":\"https:\/\/llscenter.com\/ro\/author\/sercan-yazar\/\"}]}<\/script>\n<!-- \/ Yoast SEO plugin. -->","yoast_head_json":{"title":"Does Height Increase After Age 18? - Until What Age Does Height Grow? - LLS Center","description":"The science behind height increase after age 18. Genetics, nutrition, and late-growth spurts influence adult height growth. Continued growth into the mid-20s.","robots":{"index":"index","follow":"follow","max-snippet":"max-snippet:-1","max-image-preview":"max-image-preview:large","max-video-preview":"max-video-preview:-1"},"canonical":"https:\/\/llscenter.com\/ro\/creste-inaltimea-dupa-varsta-18-pana-la-ce-varsta-creste-inaltimea\/","og_locale":"ro_RO","og_type":"article","og_title":"Does Height Increase After Age 18? - Until What Age Does Height Grow? - LLS Center","og_description":"The science behind height increase after age 18. Genetics, nutrition, and late-growth spurts influence adult height growth. Continued growth into the mid-20s.","og_url":"https:\/\/llscenter.com\/ro\/creste-inaltimea-dupa-varsta-18-pana-la-ce-varsta-creste-inaltimea\/","og_site_name":"LLS Center","article_published_time":"2024-11-13T13:20:18+00:00","og_image":[{"width":1000,"height":500,"url":"https:\/\/llscenter.com\/wp-content\/uploads\/2024\/10\/does-height-increase-after-age-18until-what-age-does-height-grow-00.jpg","type":"image\/jpeg"}],"author":"Sercan YAZAR","twitter_card":"summary_large_image","twitter_misc":{"Scris de":"Sercan YAZAR","Timp estimat pentru citire":"14 minute"},"schema":{"@context":"https:\/\/schema.org","@graph":[{"@type":"WebPage","@id":"https:\/\/llscenter.com\/does-height-increase-after-age-18-until-what-age-does-height-grow\/","url":"https:\/\/llscenter.com\/does-height-increase-after-age-18-until-what-age-does-height-grow\/","name":"Does Height Increase After Age 18? - Until What Age Does Height Grow? - LLS Center","isPartOf":{"@id":"https:\/\/llscenter.com\/#website"},"primaryImageOfPage":{"@id":"https:\/\/llscenter.com\/does-height-increase-after-age-18-until-what-age-does-height-grow\/#primaryimage"},"image":{"@id":"https:\/\/llscenter.com\/does-height-increase-after-age-18-until-what-age-does-height-grow\/#primaryimage"},"thumbnailUrl":"https:\/\/llscenter.com\/wp-content\/uploads\/2024\/10\/does-height-increase-after-age-18until-what-age-does-height-grow-00.jpg","datePublished":"2024-11-13T13:20:18+00:00","author":{"@id":"https:\/\/llscenter.com\/#\/schema\/person\/0c81546343315566182df14c4d86f045"},"description":"The science behind height increase after age 18. Genetics, nutrition, and late-growth spurts influence adult height growth. Continued growth into the mid-20s.","breadcrumb":{"@id":"https:\/\/llscenter.com\/does-height-increase-after-age-18-until-what-age-does-height-grow\/#breadcrumb"},"inLanguage":"ro-RO","potentialAction":[{"@type":"ReadAction","target":["https:\/\/llscenter.com\/does-height-increase-after-age-18-until-what-age-does-height-grow\/"]}]},{"@type":"ImageObject","inLanguage":"ro-RO","@id":"https:\/\/llscenter.com\/does-height-increase-after-age-18-until-what-age-does-height-grow\/#primaryimage","url":"https:\/\/llscenter.com\/wp-content\/uploads\/2024\/10\/does-height-increase-after-age-18until-what-age-does-height-grow-00.jpg","contentUrl":"https:\/\/llscenter.com\/wp-content\/uploads\/2024\/10\/does-height-increase-after-age-18until-what-age-does-height-grow-00.jpg","width":1000,"height":500},{"@type":"BreadcrumbList","@id":"https:\/\/llscenter.com\/does-height-increase-after-age-18-until-what-age-does-height-grow\/#breadcrumb","itemListElement":[{"@type":"ListItem","position":1,"name":"Anasayfa","item":"https:\/\/llscenter.com\/"},{"@type":"ListItem","position":2,"name":"Does Height Increase After Age 18? &#8211; Until What Age Does Height Grow?"}]},{"@type":"WebSite","@id":"https:\/\/llscenter.com\/#website","url":"https:\/\/llscenter.com\/","name":"LLS Center","description":"","potentialAction":[{"@type":"SearchAction","target":{"@type":"EntryPoint","urlTemplate":"https:\/\/llscenter.com\/?s={search_term_string}"},"query-input":{"@type":"PropertyValueSpecification","valueRequired":true,"valueName":"search_term_string"}}],"inLanguage":"ro-RO"},{"@type":"Person","@id":"https:\/\/llscenter.com\/#\/schema\/person\/0c81546343315566182df14c4d86f045","name":"Sercan YAZAR","url":"https:\/\/llscenter.com\/ro\/author\/sercan-yazar\/"}]}},"_links":{"self":[{"href":"https:\/\/llscenter.com\/ro\/wp-json\/wp\/v2\/posts\/858","targetHints":{"allow":["GET"]}}],"collection":[{"href":"https:\/\/llscenter.com\/ro\/wp-json\/wp\/v2\/posts"}],"about":[{"href":"https:\/\/llscenter.com\/ro\/wp-json\/wp\/v2\/types\/post"}],"author":[{"embeddable":true,"href":"https:\/\/llscenter.com\/ro\/wp-json\/wp\/v2\/users\/2"}],"replies":[{"embeddable":true,"href":"https:\/\/llscenter.com\/ro\/wp-json\/wp\/v2\/comments?post=858"}],"version-history":[{"count":4,"href":"https:\/\/llscenter.com\/ro\/wp-json\/wp\/v2\/posts\/858\/revisions"}],"predecessor-version":[{"id":863,"href":"https:\/\/llscenter.com\/ro\/wp-json\/wp\/v2\/posts\/858\/revisions\/863"}],"wp:featuredmedia":[{"embeddable":true,"href":"https:\/\/llscenter.com\/ro\/wp-json\/wp\/v2\/media\/860"}],"wp:attachment":[{"href":"https:\/\/llscenter.com\/ro\/wp-json\/wp\/v2\/media?parent=858"}],"wp:term":[{"taxonomy":"category","embeddable":true,"href":"https:\/\/llscenter.com\/ro\/wp-json\/wp\/v2\/categories?post=858"},{"taxonomy":"post_tag","embeddable":true,"href":"https:\/\/llscenter.com\/ro\/wp-json\/wp\/v2\/tags?post=858"}],"curies":[{"name":"wp","href":"https:\/\/api.w.org\/{rel}","templated":true}]}}